{"id":30624,"date":"2014-12-11T13:33:43","date_gmt":"2014-12-11T11:33:43","guid":{"rendered":"http:\/\/triatletasenred.com\/?p=30624"},"modified":"2014-12-11T19:12:15","modified_gmt":"2014-12-11T17:12:15","slug":"garmin-barcelona-triathlon-2015","status":"publish","type":"post","link":"https:\/\/miurltemporal.com/main/triatletasenred.sport.es\/actualidad\/garmin-barcelona-triathlon-2015\/","title":{"rendered":"El Garmin Barcelona Triathlon cambia de fecha en 2015"},"content":{"rendered":"<p style=\"text-align: justify;\">As\u00ed se ha anunciado a trav\u00e9s de las redes sociales de la prueba este jueves. El <strong>Garmin Barcelona Triathlon<\/strong> cambia de fecha y se disputar\u00e1 el pr\u00f3ximo domingo <strong>21 de junio de 2015<\/strong> en la zona de la Mar Bella de Barcelona. Bajo el eslogan <strong>&#8220;\u00a1Barcelona se anTRIcipa!&#8221;<\/strong> la prueba dejar\u00e1 de disputarse a principios de octubre\u00a0y pasar\u00e1 al mes de junio.<\/p>\n<p style=\"text-align: justify;\">La organizaci\u00f3n no ha emitido ning\u00fan comunicado oficial \u00a0de los motivos si bien el cambio se intu\u00eda desde hace meses cuando Maite Fand\u00f3s, Teniente Alcalde de la ciudad, coment\u00f3 la posibilidad debido a la coincidencia de fechas de los dos eventos triatl\u00e9ticos m\u00e1s importantes de la provincia como son el GARMIN Barcelona Triathlon y IRONMAN Barcelona en la presentaci\u00f3n del evento de IRONMAN en Barcelona.<\/p>\n<p style=\"text-align: justify;\">El cambio de fechas sin duda favorece a nuestro deporte en Catalunya, ya que son muchos los aficionados y deportistas que se perd\u00edan uno de los dos grandes eventos por la nombrada incompatibilidad.<\/p>\n<p style=\"text-align: justify;\">Imaginamos que el hecho constatado que IRONMAN BARCELONA ya ten\u00eda su fecha cerrada para el primer domingo de octubre ha sido clave para que sea GARMIN Barcelona Triathlon la que mueva su infraestructura en el calendario.<\/p>\n<p style=\"text-align: justify;\">Otro factor que ha podido influir es el meteorol\u00f3gico que en alguna edici\u00f3n ha jugado una mala pasada a los organizadores del Garmin. La fecha del 21 de junio parece m\u00e1s acorde con las condiciones \u00f3ptimas de la pr\u00e1ctica del triatl\u00f3n y seguro que no resta un \u00e1pice de espect\u00e1culo ni menguar\u00e1n el \u00e9xito de sus inscripciones.<\/p>\n<p><script>\/\/ <![CDATA[\n(function(d, s, id) { var js, fjs = d.getElementsByTagName(s)[0]; if (d.getElementById(id)) return; js = d.createElement(s); js.id = id; js.src = \"https:\/\/connect.facebook.net\/ca_ES\/all.js#xfbml=1\"; fjs.parentNode.insertBefore(js, fjs); }(document, 'script', 'facebook-jssdk'));\n\/\/ ]]><\/script><\/p>\n<div class=\"fb-post\" data-href=\"https:\/\/www.facebook.com\/garminbarcelonatriathlon\/photos\/a.228473290533060.53411.115936908453366\/775598762487174\/?type=1\" data-width=\"466\">\n<div class=\"fb-xfbml-parse-ignore\"><a href=\"https:\/\/www.facebook.com\/garminbarcelonatriathlon\/photos\/a.228473290533060.53411.115936908453366\/775598762487174\/?type=1\" rel=\"nofollow noopener\" target=\"_blank\">Publicaci\u00f3<\/a>n de <a href=\"https:\/\/www.facebook.com\/garminbarcelonatriathlon\" rel=\"nofollow noopener\" target=\"_blank\">GARMIN BARCELONA TRIATHLON<\/a>.<\/div>\n<\/div>\n<p style=\"text-align: justify;\">Foto: <a href=\"https:\/\/www.facebook.com\/garminbarcelonatriathlon?fref=nf\" target=\"_blank\" rel=\"nofollow noopener\">Facebook Garmin Barcelona Triathlon<\/a><\/p>\n","protected":false},"excerpt":{"rendered":"<p>El Garmin Barcelona Triathlon cambia de fecha y se disputar\u00e1 el pr\u00f3ximo domingo 15 de junio.<\/p>\n","protected":false},"author":12,"featured_media":30625,"comment_status":"open","ping_status":"open","sticky":false,"template":"","format":"standard","meta":{"_acf_changed":false,"rank_math_lock_modified_date":false,"footnotes":""},"categories":[17,1191],"tags":[500,2869,362,250,923],"class_list":{"0":"post-30624","1":"post","2":"type-post","3":"status-publish","4":"format-standard","5":"has-post-thumbnail","7":"category-actualidad","8":"category-triatlon","9":"tag-barcelona","10":"tag-fecha","11":"tag-garmin","12":"tag-garmin-barcelona-triathlon","13":"tag-triathlon"},"acf":[],"_links":{"self":[{"href":"https:\/\/miurltemporal.com/main/triatletasenred.sport.es\/wp-json\/wp\/v2\/posts\/30624"}],"collection":[{"href":"https:\/\/miurltemporal.com/main/triatletasenred.sport.es\/wp-json\/wp\/v2\/posts"}],"about":[{"href":"https:\/\/miurltemporal.com/main/triatletasenred.sport.es\/wp-json\/wp\/v2\/types\/post"}],"author":[{"embeddable":true,"href":"https:\/\/miurltemporal.com/main/triatletasenred.sport.es\/wp-json\/wp\/v2\/users\/12"}],"replies":[{"embeddable":true,"href":"https:\/\/miurltemporal.com/main/triatletasenred.sport.es\/wp-json\/wp\/v2\/comments?post=30624"}],"version-history":[{"count":0,"href":"https:\/\/miurltemporal.com/main/triatletasenred.sport.es\/wp-json\/wp\/v2\/posts\/30624\/revisions"}],"wp:featuredmedia":[{"embeddable":true,"href":"https:\/\/miurltemporal.com/main/triatletasenred.sport.es\/wp-json\/wp\/v2\/media\/30625"}],"wp:attachment":[{"href":"https:\/\/miurltemporal.com/main/triatletasenred.sport.es\/wp-json\/wp\/v2\/media?parent=30624"}],"wp:term":[{"taxonomy":"category","embeddable":true,"href":"https:\/\/miurltemporal.com/main/triatletasenred.sport.es\/wp-json\/wp\/v2\/categories?post=30624"},{"taxonomy":"post_tag","embeddable":true,"href":"https:\/\/miurltemporal.com/main/triatletasenred.sport.es\/wp-json\/wp\/v2\/tags?post=30624"}],"curies":[{"name":"wp","href":"https:\/\/api.w.org\/{rel}","templated":true}]}}