{"id":30574,"date":"2014-12-10T02:47:54","date_gmt":"2014-12-10T00:47:54","guid":{"rendered":"http:\/\/triatletasenred.com\/?p=30574"},"modified":"2014-12-15T11:25:05","modified_gmt":"2014-12-15T09:25:05","slug":"eneko-llanos-un-abandono-en-hawai-marca-la-valoracion-del-ano","status":"publish","type":"post","link":"https:\/\/miurltemporal.com/main/triatletasenred.sport.es\/entrevistas-triatlon\/eneko-llanos-un-abandono-en-hawai-marca-la-valoracion-del-ano\/","title":{"rendered":"Eneko Llanos: &#8220;Un abandono en Haw\u00e1i marca la valoraci\u00f3n del a\u00f1o&#8221;"},"content":{"rendered":"<h5 style=\"text-align: justify;\">Reci\u00e9n aterrizado en casa, Eneko Llanos cierra una temporada que se ha alargado hasta principios de diciembre. El triatleta vasco reconoce que Haw\u00e1i es un baremo para la temporada pero considera que el a\u00f1o ha sido bueno a nivel de sensaciones y estado de forma. Llanos nos cuenta sus objetivos para 2015 y qu\u00e9 piensa de la aparici\u00f3n de la Triple Corona del Golfo P\u00e9rsico. Una vez m\u00e1s, el Eneko m\u00e1s sincero.<\/h5>\n<h4 style=\"text-align: justify;\">Cerrada la temporada en Bahr\u00e1in, \u00bfqu\u00e9 valoraci\u00f3n haces de 2014?<\/h4>\n<p style=\"text-align: justify;\">Hago una valoraci\u00f3n buena, pero no tan buena como la del 2013 ya que no he conseguido rendir bien en algunas citas importantes y no he conseguido resultados tan buenos como el a\u00f1o pasado. En Hawai tuve que abandonar por enfermedad y la verdad que un abandono en Hawai marca bastante la valoraci\u00f3n del a\u00f1o, pero para m\u00ed lo importante es saber que estaba al nivel de forma del a\u00f1o pasado y en algunos momentos creo que incluso mejor si bien luego eso no lo he plasmado en resultados. A mi edad es importante saber que sigo siendo competitivo.<\/p>\n<h4 style=\"text-align: justify;\">En los \u00faltimos cuatro a\u00f1os en Haw\u00e1i sumas tres abandonos. \u00bfQu\u00e9 explicaci\u00f3n le das a esos resultados?<\/h4>\n<p style=\"text-align: justify;\">En gran parte a la mala suerte, enfermedades, problemas mec\u00e1nicos y ca\u00eddas, que son cosas dif\u00edciles de controlar. Pero es cierto que los \u00faltimos a\u00f1os no consigo hacer una buena carrera en Hawaii cuando si consigo buenos resultados en otras citas, y el porqu\u00e9, quitando los problemas mencionados, no lo acabo de encontrar todav\u00eda.<\/p>\n<h4 style=\"text-align: justify;\">\u00bfCambiar\u00e1s algo de cara a 2015?<\/h4>\n<p style=\"text-align: justify;\">En principio no. Mi nivel de forma este a\u00f1o era tan bueno como en el 2013, por lo que en cuanto a entrenamientos de momento no pienso en hacer grandes cambios. Este a\u00f1o por el nacimiento de nuestro hijo me tom\u00e9 un inicio de temporada m\u00e1s relajado y muy probablemente en 2015 tenga que competir algo m\u00e1s a principio de a\u00f1o, sobre todo por asegurar la clasificaci\u00f3n para Kona.<\/p>\n<h4 style=\"text-align: justify;\">\u00bfCu\u00e1les son los objetivos para el pr\u00f3ximo a\u00f1o?<\/h4>\n<p style=\"text-align: justify;\">Quiero volver a clasificarme para Hawaii y hacer una buena prueba all\u00ed pero las novedades anunciadas por parte de Challenge me atraen mucho y seguramente formen parte importante de mi calendario.<\/p>\n<h4 style=\"text-align: justify;\">Este a\u00f1o ha estado marcado por el nacimiento de tu hijo. \u00bfHa supuesto un cambio importante en tu vida?<\/h4>\n<p style=\"text-align: justify;\">Si, sin duda. Pero ha sido un cambio que estamos disfrutando, una nueva etapa en nuestras vidas que nos est\u00e1 dando mucha felicidad. Los primeros meses fueron m\u00e1s complicados a la hora de entrenar y descansar, de ah\u00ed que acab\u00e9 el 2013 muy tarde y con muchas competiciones para as\u00ed tener un inicio del 2014 tranquilo y tener tiempo para estar con Rut y mi hijo y atender sus necesidades. A partir de esos primeros meses m\u00e1s dif\u00edciles lo hemos llevado mucho mejor y ahora ya nos organizamos perfectamente.<\/p>\n<h4 style=\"text-align: justify;\">Bahr\u00e1in, Dubai y Om\u00e1n formar\u00e1n la Triple Corona. \u00bfC\u00f3mo valoras la entrada de los petrod\u00f3lares en el triatl\u00f3n?<\/h4>\n<p style=\"text-align: justify;\">Creo que es un paso importante, era algo que tarde o temprano creo que iba a ocurrir. En Bahrain han visto el potencial de nuestro deporte y quieren invertir para ponerlo al nivel profesional que corresponde. Creo que el Challenge Bahrain marcar\u00e1 un antes y un despu\u00e9s en nuestro deporte. Fue una prueba espectacular donde l\u00f3gicamente hab\u00eda mucho dinero para organizarla pero donde tambi\u00e9n se ve\u00eda un \u00e1nimo y una implicaci\u00f3n muy grande por dar un empuj\u00f3n adelante al triatl\u00f3n.<\/p>\n<h4 style=\"text-align: justify;\">Ya para acabar. \u00bfC\u00f3mo calificar\u00edas la salud del triatlon espa\u00f1ol en distancia ol\u00edmpica y larga distancia?<\/h4>\n<p style=\"text-align: justify;\">Excelente, en corta distancia Javi y Mario han hecho una temporada espectacular y hay m\u00e1s gente detr\u00e1s de ellos rindiendo a muy buen nivel y con buena proyecci\u00f3n. Y en larga Clemente, Ivan y Victor han dado un nivel muy alto las dos \u00faltimas temporadas y al igual que en corta hay gente que viene detr\u00e1s pisando fuerte cara al futuro.<\/p>\n<p style=\"text-align: justify;\">Foto: MundoTri<\/p>\n","protected":false},"excerpt":{"rendered":"<p>Reci\u00e9n aterrizado en casa, Eneko Llanos cierra una temporada que se ha alargado hasta principios de diciembre. El triatleta vasco reconoce que Haw\u00e1i es un baremo para la temporada pero considera que el a\u00f1o ha sido bueno a nivel de sensaciones y estado de forma. Llanos nos cuenta sus objetivos para 2015 y qu\u00e9 piensa [&hellip;]<\/p>\n","protected":false},"author":12,"featured_media":30576,"comment_status":"open","ping_status":"open","sticky":false,"template":"","format":"standard","meta":{"_acf_changed":false,"rank_math_lock_modified_date":false,"footnotes":""},"categories":[17,10,1191],"tags":[2841,597,2099,1398,372,923,24],"class_list":{"0":"post-30574","1":"post","2":"type-post","3":"status-publish","4":"format-standard","5":"has-post-thumbnail","7":"category-actualidad","8":"category-entrevistas-triatlon","9":"category-triatlon","10":"tag-challenge-bahrain","11":"tag-eneko-llanos","12":"tag-entrevista","13":"tag-hawai","14":"tag-kona","15":"tag-triathlon","16":"tag-triatlon"},"acf":[],"_links":{"self":[{"href":"https:\/\/miurltemporal.com/main/triatletasenred.sport.es\/wp-json\/wp\/v2\/posts\/30574"}],"collection":[{"href":"https:\/\/miurltemporal.com/main/triatletasenred.sport.es\/wp-json\/wp\/v2\/posts"}],"about":[{"href":"https:\/\/miurltemporal.com/main/triatletasenred.sport.es\/wp-json\/wp\/v2\/types\/post"}],"author":[{"embeddable":true,"href":"https:\/\/miurltemporal.com/main/triatletasenred.sport.es\/wp-json\/wp\/v2\/users\/12"}],"replies":[{"embeddable":true,"href":"https:\/\/miurltemporal.com/main/triatletasenred.sport.es\/wp-json\/wp\/v2\/comments?post=30574"}],"version-history":[{"count":0,"href":"https:\/\/miurltemporal.com/main/triatletasenred.sport.es\/wp-json\/wp\/v2\/posts\/30574\/revisions"}],"wp:featuredmedia":[{"embeddable":true,"href":"https:\/\/miurltemporal.com/main/triatletasenred.sport.es\/wp-json\/wp\/v2\/media\/30576"}],"wp:attachment":[{"href":"https:\/\/miurltemporal.com/main/triatletasenred.sport.es\/wp-json\/wp\/v2\/media?parent=30574"}],"wp:term":[{"taxonomy":"category","embeddable":true,"href":"https:\/\/miurltemporal.com/main/triatletasenred.sport.es\/wp-json\/wp\/v2\/categories?post=30574"},{"taxonomy":"post_tag","embeddable":true,"href":"https:\/\/miurltemporal.com/main/triatletasenred.sport.es\/wp-json\/wp\/v2\/tags?post=30574"}],"curies":[{"name":"wp","href":"https:\/\/api.w.org\/{rel}","templated":true}]}}