{"id":30342,"date":"2014-12-05T10:30:42","date_gmt":"2014-12-05T08:30:42","guid":{"rendered":"http:\/\/triatletasenred.com\/?p=30342"},"modified":"2016-05-05T12:19:49","modified_gmt":"2016-05-05T10:19:49","slug":"ironman-tendra-militares-en-kona","status":"publish","type":"post","link":"https:\/\/miurltemporal.com/main/triatletasenred.sport.es\/actualidad\/ironman-tendra-militares-en-kona\/","title":{"rendered":"Ironman tendr\u00e1 militares en Kona"},"content":{"rendered":"<h5 style=\"text-align: justify;\">Ironman ha anunciado la creaci\u00f3n de una Divisi\u00f3n Militar, que hace honor a los or\u00edgenes de la prueba, creada por un comandante en 1978. Los militares podr\u00e1n competir en el Campeonato del Mundo de Kona siempre que logren clasificarse. Tienen tres pruebas para conseguirlo, dos de ellas en 2015.<\/h5>\n<p style=\"text-align: justify;\"><strong>Ironman<\/strong> mira a sus or\u00edgenes. La franquicia norteamericana ha decidido crear una <strong>Divisi\u00f3n Militar<\/strong> para que todo el personal que est\u00e9 en la actualidad en servicio pueda disfrutar de la distancia. Pero hay m\u00e1s. Los participantes podr\u00e1n competir en el <strong>Campeonato del Mundo de Kona<\/strong>, el 10 de octubre de 2015, siempre y cuando logren la clasificaci\u00f3n.<\/p>\n<p style=\"text-align: justify;\">Precisamente, Ironman ha anunciado el proceso de calificaci\u00f3n que tendr\u00e1n que llevar a cabo los triatletas de la Divisi\u00f3n Militar si quieren estar en Haw\u00e1i. Tienen tres carreras para lograrlo. La primera, <strong>Superfrog Triathlon<\/strong>, se disput\u00f3 el pasado 28 de septiembre, mientras que la segunda y la tercera se realizar\u00e1n el pr\u00f3ximo a\u00f1o: el <strong>Campeonato de Asia-Pac\u00edfico<\/strong> en Melbourne (Australia), el 22 de marzo, y el <strong>Ironman 70.3 Campeonato de Europa<\/strong> en Wiesbaden (Alemania), el 9 de agosto. Las dos \u00faltimas carreras ofrecer\u00e1n cada una un total de 10 slots clasificatorios para Kona.<\/p>\n<p style=\"text-align: justify;\">La Divisi\u00f3n Militar Ironman est\u00e1 abierta a todo el personal militar en servicio activo, independientemente del pa\u00eds o el g\u00e9nero. Ironman reconoce diferentes ramas del servicio en cuesti\u00f3n: ej\u00e9rcito, armada, fuerzas a\u00e9reas, marina, guardacostas y la polic\u00eda militar. Reservistas, veteranos, jubilados y personal de la Guardia Nacional quedan fuera de la categor\u00eda. La Divisi\u00f3n Militar no ser\u00e1 una excepci\u00f3n e incluir\u00e1 diversos grupos de edad.<\/p>\n<p style=\"text-align: justify;\">No hay que olvidar que la carrera Ironman fue creada en 1978 precisamente por el comandante estadounidense, John Collins, y su esposa Judy, que propusieron combinar la nataci\u00f3n, el ciclismo y la carrera a pie para saber qu\u00e9 atletas eran mejores. Una cita que en 1981 se traslad\u00f3 a Kona, zona de Haw\u00e1i donde desde entonces cada a\u00f1o se celebra el Campeonato del Mundo el mes de octubre.<\/p>\n<p style=\"text-align: justify;\">\u201cNos sentimos honrados de dar la oportunidad a los atletas militares de competir entre s\u00ed en el Campeonato del Mundo Ironman en una Divisi\u00f3n Militar global\u201d. Es el sentimiento que expres\u00f3 el director ejecutivo de Ironman, <strong>Andrew Messick<\/strong>, que explic\u00f3 el porqu\u00e9 de incluir esta categor\u00eda en la cita m\u00e1s importante de la franquicia: \u201cDesde nuestros inicios, hemos tenido un v\u00ednculo especial con los militares. Nos fijamos en la Divisi\u00f3n Militar como una forma para Ironman de reconocer a los hombres y mujeres que arriesgan sus vidas para mantener la seguridad en todo el mundo\u201d afirm\u00f3 Messick.<\/p>\n<p>Foto: Ironman<\/p>\n","protected":false},"excerpt":{"rendered":"<p>Ironman ha anunciado la creaci\u00f3n de una Divisi\u00f3n Militar, que hace honor a los or\u00edgenes de la prueba, creada por un comandante en 1978. Los militares podr\u00e1n competir en el Campeonato del Mundo de Kona siempre que logren clasificarse. Tienen tres pruebas para conseguirlo, dos de ellas en 2015. Ironman mira a sus or\u00edgenes. La [&hellip;]<\/p>\n","protected":false},"author":23,"featured_media":30352,"comment_status":"open","ping_status":"open","sticky":false,"template":"","format":"standard","meta":{"_acf_changed":false,"rank_math_lock_modified_date":false,"footnotes":""},"categories":[17,19,1191],"tags":[2832,1303,923,24],"class_list":{"0":"post-30342","1":"post","2":"type-post","3":"status-publish","4":"format-standard","5":"has-post-thumbnail","7":"category-actualidad","8":"category-competiciones","9":"category-triatlon","10":"tag-division-militar","11":"tag-ironman-kona-hawaii","12":"tag-triathlon","13":"tag-triatlon"},"acf":[],"_links":{"self":[{"href":"https:\/\/miurltemporal.com/main/triatletasenred.sport.es\/wp-json\/wp\/v2\/posts\/30342"}],"collection":[{"href":"https:\/\/miurltemporal.com/main/triatletasenred.sport.es\/wp-json\/wp\/v2\/posts"}],"about":[{"href":"https:\/\/miurltemporal.com/main/triatletasenred.sport.es\/wp-json\/wp\/v2\/types\/post"}],"author":[{"embeddable":true,"href":"https:\/\/miurltemporal.com/main/triatletasenred.sport.es\/wp-json\/wp\/v2\/users\/23"}],"replies":[{"embeddable":true,"href":"https:\/\/miurltemporal.com/main/triatletasenred.sport.es\/wp-json\/wp\/v2\/comments?post=30342"}],"version-history":[{"count":0,"href":"https:\/\/miurltemporal.com/main/triatletasenred.sport.es\/wp-json\/wp\/v2\/posts\/30342\/revisions"}],"wp:featuredmedia":[{"embeddable":true,"href":"https:\/\/miurltemporal.com/main/triatletasenred.sport.es\/wp-json\/wp\/v2\/media\/30352"}],"wp:attachment":[{"href":"https:\/\/miurltemporal.com/main/triatletasenred.sport.es\/wp-json\/wp\/v2\/media?parent=30342"}],"wp:term":[{"taxonomy":"category","embeddable":true,"href":"https:\/\/miurltemporal.com/main/triatletasenred.sport.es\/wp-json\/wp\/v2\/categories?post=30342"},{"taxonomy":"post_tag","embeddable":true,"href":"https:\/\/miurltemporal.com/main/triatletasenred.sport.es\/wp-json\/wp\/v2\/tags?post=30342"}],"curies":[{"name":"wp","href":"https:\/\/api.w.org\/{rel}","templated":true}]}}