{"id":30030,"date":"2014-11-27T10:54:31","date_gmt":"2014-11-27T08:54:31","guid":{"rendered":"http:\/\/triatletasenred.com\/?p=30030"},"modified":"2014-11-27T13:13:41","modified_gmt":"2014-11-27T11:13:41","slug":"el-triatlon-pierde-un-icono-fallece-a-los-59-anos-steve-hed","status":"publish","type":"post","link":"https:\/\/miurltemporal.com/main/triatletasenred.sport.es\/en-red\/el-triatlon-pierde-un-icono-fallece-a-los-59-anos-steve-hed\/","title":{"rendered":"El triatl\u00f3n pierde un icono. Fallece Steve HED"},"content":{"rendered":"<h4 style=\"text-align: justify;\">Treinta a\u00f1os de innovaci\u00f3n y compromiso con el ciclismo y el triatl\u00f3n avalan la trayectoria de uno de los referentes de nuestro deporte. DEP Steve Hed.<\/h4>\n<p style=\"text-align: justify;\"><strong>Steve\u00a0Hed<\/strong> se derrumb\u00f3 en el exterior de una de sus instalaciones el jueves pasado \u00a0y fue descubierto minutos\u00a0m\u00e1s tarde por sus\u00a0empleados. Se le actu\u00f3 el protocolo de reanimaci\u00f3n in situ \u00a0y fue trasladado posteriormente al hospital. Este mi\u00e9rcoles conoc\u00edamos la triste noticia de su muerte a los 59 a\u00f1os de edad.<\/p>\n<p style=\"text-align: justify;\"><img decoding=\"async\" class=\"alignleft\" src=\"http:\/\/eugenekim.net\/LanceSteveHed.jpg\" alt=\"\" width=\"144\" height=\"216\" \/>Hed ha sido uno de los pioneros en la fabricaci\u00f3n de material deportivo. En los 80 reg\u00eda una peque\u00f1a tienda de bicicletas en Twin Cities pero su naturaleza curiosa le llevo a experimentar e innovar con nuevas ideas a implementar en la practica ciclista. De esa curiosidad, en 1985 funda la compa\u00f1\u00eda <a href=\"http:\/\/www.hedcycling.com\/\" target=\"_blank\" rel=\"nofollow noopener\">HED <\/a>reconocida mundialmente por su innovaci\u00f3n en aerodin\u00e1mica, \u00a0dise\u00f1o y compromiso con el ciclismo y el triatl\u00f3n.<\/p>\n<p style=\"text-align: justify;\">M\u00e1s que s\u00f3lo un fabricante, Hed se convirti\u00f3 durante est\u00f3s m\u00e1s de 30 a\u00f1os de profesi\u00f3n, en un referente y consejero t\u00e9cnico para muchas leyendas de triatl\u00f3n y ciclismo y tambi\u00e9n uno de sus\u00a0mecenas m\u00e1s importantes a nivel internacional.<\/p>\n<p style=\"text-align: justify;\"><strong>Pepe Navarro<\/strong>, General Manager de Hed en Europa, se ha mostrado muy afectado por la noticia en conversaciones con nuestro portal:\u00a0<strong><em>Steve era como mi padre en el mundo del ciclismo&#8230; pero sobretodo una gran persona y muy generosa. Ayudaba a much\u00edsima gente sin esperar retorno alguno&#8230;\u00a0<\/em><\/strong><strong><em>El Steve persona ha sido a\u00fan mejor y m\u00e1s grande que el Steve empresario y lo que ha hecho por la industria es impresionante.&#8221;<\/em><\/strong><\/p>\n<p>Pepe tambi\u00e9n ha querido agradecer el gesto de ZIPP. La empresa competencia directa de HED ha hecho un emotivo comunicado en su p\u00e1gina en facebook en el que reconoce el valor y la tremenda aportaci\u00f3n de Steve Hed al deporte de las dos ruedas.<\/p>\n<a class=\"vc_btn vc_btn-default vc_btn-sm vc_btn_square \" href=\"https:\/\/www.facebook.com\/pages\/Zipp\/38574956052\" rel=\"nofollow noopener\" target=\"_blank\">Comunicado de ZIPP<\/a>\n<p class=\"p1\">Steve Hed naci\u00f3 el 11 de julio 1955 y muri\u00f3 la ma\u00f1ana del 26 de noviembre de 2014. \u00a0Nuestro p\u00e9same a la familia, entorno y especialmente a su esposa e\u00a0\u00a0hijos.\u00a0Las reacciones de nuestro triatl\u00f3n no se han hecho esperar y han sido muchos los triatletas, medios y marcas que se han hecho eco de la triste noticia. Entre ellos Marcel Zamora, Eneko Llanos o Javi G\u00f3mez Noya.<\/p>\n<p><a href=\"https:\/\/miurltemporal.com/main/triatletasenred.sport.es\/wp-content\/uploads\/Captura-de-pantalla-2014-11-27-a-las-09.40.03.png\"><img decoding=\"async\" class=\"size-full wp-image-30035 aligncenter\" src=\"https:\/\/miurltemporal.com/main/triatletasenred.sport.es\/wp-content\/uploads\/Captura-de-pantalla-2014-11-27-a-las-09.40.03.png\" alt=\"Captura de pantalla 2014-11-27 a la(s) 09.40.03\" width=\"575\" height=\"77\" srcset=\"https:\/\/miurltemporal.com/main/triatletasenred.sport.es\/wp-content\/uploads\/Captura-de-pantalla-2014-11-27-a-las-09.40.03.png 575w, https:\/\/miurltemporal.com/main/triatletasenred.sport.es\/wp-content\/uploads\/Captura-de-pantalla-2014-11-27-a-las-09.40.03-300x40.png 300w\" sizes=\"(max-width: 575px) 100vw, 575px\" \/><\/a><\/p>\n<p>&nbsp;<\/p>\n<p><a href=\"https:\/\/miurltemporal.com/main/triatletasenred.sport.es\/wp-content\/uploads\/Captura-de-pantalla-2014-11-27-a-las-09.40.59.png\"><img fetchpriority=\"high\" decoding=\"async\" class=\"size-full wp-image-30036 aligncenter\" src=\"https:\/\/miurltemporal.com/main/triatletasenred.sport.es\/wp-content\/uploads\/Captura-de-pantalla-2014-11-27-a-las-09.40.59.png\" alt=\"Captura de pantalla 2014-11-27 a la(s) 09.40.59\" width=\"582\" height=\"304\" srcset=\"https:\/\/miurltemporal.com/main/triatletasenred.sport.es\/wp-content\/uploads\/Captura-de-pantalla-2014-11-27-a-las-09.40.59.png 582w, https:\/\/miurltemporal.com/main/triatletasenred.sport.es\/wp-content\/uploads\/Captura-de-pantalla-2014-11-27-a-las-09.40.59-300x156.png 300w\" sizes=\"(max-width: 582px) 100vw, 582px\" \/><\/a><\/p>\n<p>&nbsp;<\/p>\n<p><a href=\"https:\/\/miurltemporal.com/main/triatletasenred.sport.es\/wp-content\/uploads\/Captura-de-pantalla-2014-11-27-a-las-09.42.01.png\"><img loading=\"lazy\" decoding=\"async\" class=\"size-full wp-image-30037 aligncenter\" src=\"https:\/\/miurltemporal.com/main/triatletasenred.sport.es\/wp-content\/uploads\/Captura-de-pantalla-2014-11-27-a-las-09.42.01.png\" alt=\"Captura de pantalla 2014-11-27 a la(s) 09.42.01\" width=\"580\" height=\"95\" srcset=\"https:\/\/miurltemporal.com/main/triatletasenred.sport.es\/wp-content\/uploads\/Captura-de-pantalla-2014-11-27-a-las-09.42.01.png 580w, https:\/\/miurltemporal.com/main/triatletasenred.sport.es\/wp-content\/uploads\/Captura-de-pantalla-2014-11-27-a-las-09.42.01-300x49.png 300w\" sizes=\"(max-width: 580px) 100vw, 580px\" \/><\/a><\/p>\n<p>&nbsp;<\/p>\n<p>im\u00e1gen de portada : jayprashun.blogspot<\/p>\n","protected":false},"excerpt":{"rendered":"<p>Treinta a\u00f1os de innovaci\u00f3n y compromiso con el ciclismo y el triatl\u00f3n avalan la trayectoria de uno de los referentes de nuestro deporte. DEP Steve Hed.<\/p>\n","protected":false},"author":2,"featured_media":30034,"comment_status":"open","ping_status":"open","sticky":false,"template":"","format":"standard","meta":{"_acf_changed":false,"rank_math_lock_modified_date":false,"footnotes":""},"categories":[17,16],"tags":[1422,226,2808,2807,24],"class_list":{"0":"post-30030","1":"post","2":"type-post","3":"status-publish","4":"format-standard","5":"has-post-thumbnail","7":"category-actualidad","8":"category-en-red","9":"tag-aerodinamica","10":"tag-bicicleta","11":"tag-icono","12":"tag-steve-hed","13":"tag-triatlon"},"acf":[],"_links":{"self":[{"href":"https:\/\/miurltemporal.com/main/triatletasenred.sport.es\/wp-json\/wp\/v2\/posts\/30030"}],"collection":[{"href":"https:\/\/miurltemporal.com/main/triatletasenred.sport.es\/wp-json\/wp\/v2\/posts"}],"about":[{"href":"https:\/\/miurltemporal.com/main/triatletasenred.sport.es\/wp-json\/wp\/v2\/types\/post"}],"author":[{"embeddable":true,"href":"https:\/\/miurltemporal.com/main/triatletasenred.sport.es\/wp-json\/wp\/v2\/users\/2"}],"replies":[{"embeddable":true,"href":"https:\/\/miurltemporal.com/main/triatletasenred.sport.es\/wp-json\/wp\/v2\/comments?post=30030"}],"version-history":[{"count":0,"href":"https:\/\/miurltemporal.com/main/triatletasenred.sport.es\/wp-json\/wp\/v2\/posts\/30030\/revisions"}],"wp:featuredmedia":[{"embeddable":true,"href":"https:\/\/miurltemporal.com/main/triatletasenred.sport.es\/wp-json\/wp\/v2\/media\/30034"}],"wp:attachment":[{"href":"https:\/\/miurltemporal.com/main/triatletasenred.sport.es\/wp-json\/wp\/v2\/media?parent=30030"}],"wp:term":[{"taxonomy":"category","embeddable":true,"href":"https:\/\/miurltemporal.com/main/triatletasenred.sport.es\/wp-json\/wp\/v2\/categories?post=30030"},{"taxonomy":"post_tag","embeddable":true,"href":"https:\/\/miurltemporal.com/main/triatletasenred.sport.es\/wp-json\/wp\/v2\/tags?post=30030"}],"curies":[{"name":"wp","href":"https:\/\/api.w.org\/{rel}","templated":true}]}}