{"id":29971,"date":"2014-11-26T02:35:08","date_gmt":"2014-11-26T00:35:08","guid":{"rendered":"http:\/\/triatletasenred.com\/?p=29971"},"modified":"2014-11-26T02:35:08","modified_gmt":"2014-11-26T00:35:08","slug":"el-triatlon-del-alpe-dhuez-abre-inscripciones","status":"publish","type":"post","link":"https:\/\/miurltemporal.com/main/triatletasenred.sport.es\/actualidad\/el-triatlon-del-alpe-dhuez-abre-inscripciones\/","title":{"rendered":"El Triatl\u00f3n del Alpe d&#8217;Huez abre inscripciones"},"content":{"rendered":"<h5 style=\"text-align: justify;\">La d\u00e9cima edici\u00f3n del Triatl\u00f3n EDF del Alpe d&#8217;Huez se prepara para vivir su edici\u00f3n m\u00e1s especial. Tras nueve a\u00f1os de competici\u00f3n, la de 2015 promete ser una prueba cargada de novedades en las monta\u00f1as francesas entre los d\u00edas 28 de julio y 1 de agosto. Las <a title=\"Triatlon Alpe d&#039;Huez\" href=\"http:\/\/www.alpetriathlon.com\/en\" target=\"_blank\" rel=\"nofollow noopener\">inscripciones<\/a> ya est\u00e1n abiertas.<\/h5>\n<p style=\"text-align: justify;\">El ciclismo conquist\u00f3 el Alpe d&#8217;Huez hace varias d\u00e9cadas. El triatl\u00f3n cumplir\u00e1 una d\u00e9cada con la disputa de la edici\u00f3n 2015 del <strong>Triatl\u00f3n EDF del Alpe d&#8217;Huez<\/strong>, que se presenta cargada de novedades. En \u00a0su <strong>d\u00e9cimo aniversario<\/strong>, la prueba pretende seguir ganando adeptos ofreciendo el duatl\u00f3n, el triatl\u00f3n largo, el triatl\u00f3n corto, as\u00ed como un triatl\u00f3n para ni\u00f1os y diversas actividades para toda la familia.<\/p>\n<p style=\"text-align: justify;\">La prueba ha modificado ligeramente las fechas para adaptarse al calendario de los triatletas y tendr\u00e1 lugar entre el 28 de julio y el 1 de agosto. El mi\u00e9rcoles 29 de julio se disputar\u00e1 el duatl\u00f3n (5-15-2,5); el viernes 31 de julio, el triatl\u00f3n largo (2,2-115-22); mientras que el triatl\u00f3n corto ser\u00e1 el s\u00e1bado 1 de agosto (1,2-30-7), logrando que la prueba se convierta en una aut\u00e9ntica fiesta con las <a title=\"Triatlon EDF Alpe d'Huez\" href=\"www.alpetriathlon.com\" target=\"_blank\">inscripciones abiertas desde esta misma semana<\/a>.<\/p>\n<p style=\"text-align: justify;\">Para este\u00a02015 la organizaci\u00f3n tiene preparadas diversas sorpresas, y espera contar con m\u00e1s de los 150 espa\u00f1oles que ya compitieron en la novena edici\u00f3n de la prueba. El reto de las 21 curvas del <strong>Alpe d&#8217;Huez<\/strong> te espera en julio de 2015 para celebrar la d\u00e9cima edici\u00f3n.<\/p>\n<div class=\"youtube-embed\" data-video_id=\"23S78NuE19c\"><iframe title=\"TEASER 10e aniversario Triatlon EDF Alpe d&#039;Huez - ESP\" width=\"696\" height=\"392\" src=\"https:\/\/www.youtube.com\/embed\/23S78NuE19c?list=UUJLwGcPvJcEboKe8ekT6xOA\" frameborder=\"0\" allow=\"accelerometer; autoplay; clipboard-write; encrypted-media; gyroscope; picture-in-picture; web-share\" allowfullscreen><\/iframe><\/div>\n<p>Foto: Triathlon Business<\/p>\n","protected":false},"excerpt":{"rendered":"<p>La d\u00e9cima edici\u00f3n del Triatl\u00f3n EDF del Alpe d&#8217;Huez se prepara para vivir su edici\u00f3n m\u00e1s especial. Tras nueve a\u00f1os de competici\u00f3n, la de 2015 promete ser una prueba cargada de novedades en las monta\u00f1as francesas entre los d\u00edas 28 de julio y 1 de agosto. Las inscripciones ya est\u00e1n abiertas. El ciclismo conquist\u00f3 el [&hellip;]<\/p>\n","protected":false},"author":12,"featured_media":29974,"comment_status":"open","ping_status":"open","sticky":false,"template":"","format":"standard","meta":{"_acf_changed":false,"rank_math_lock_modified_date":false,"footnotes":""},"categories":[17,19,1191],"tags":[922,2180,1806,923,24],"class_list":{"0":"post-29971","1":"post","2":"type-post","3":"status-publish","4":"format-standard","5":"has-post-thumbnail","7":"category-actualidad","8":"category-competiciones","9":"category-triatlon","10":"tag-alpe-dhuez","11":"tag-francia","12":"tag-moreno","13":"tag-triathlon","14":"tag-triatlon"},"acf":[],"_links":{"self":[{"href":"https:\/\/miurltemporal.com/main/triatletasenred.sport.es\/wp-json\/wp\/v2\/posts\/29971"}],"collection":[{"href":"https:\/\/miurltemporal.com/main/triatletasenred.sport.es\/wp-json\/wp\/v2\/posts"}],"about":[{"href":"https:\/\/miurltemporal.com/main/triatletasenred.sport.es\/wp-json\/wp\/v2\/types\/post"}],"author":[{"embeddable":true,"href":"https:\/\/miurltemporal.com/main/triatletasenred.sport.es\/wp-json\/wp\/v2\/users\/12"}],"replies":[{"embeddable":true,"href":"https:\/\/miurltemporal.com/main/triatletasenred.sport.es\/wp-json\/wp\/v2\/comments?post=29971"}],"version-history":[{"count":0,"href":"https:\/\/miurltemporal.com/main/triatletasenred.sport.es\/wp-json\/wp\/v2\/posts\/29971\/revisions"}],"wp:featuredmedia":[{"embeddable":true,"href":"https:\/\/miurltemporal.com/main/triatletasenred.sport.es\/wp-json\/wp\/v2\/media\/29974"}],"wp:attachment":[{"href":"https:\/\/miurltemporal.com/main/triatletasenred.sport.es\/wp-json\/wp\/v2\/media?parent=29971"}],"wp:term":[{"taxonomy":"category","embeddable":true,"href":"https:\/\/miurltemporal.com/main/triatletasenred.sport.es\/wp-json\/wp\/v2\/categories?post=29971"},{"taxonomy":"post_tag","embeddable":true,"href":"https:\/\/miurltemporal.com/main/triatletasenred.sport.es\/wp-json\/wp\/v2\/tags?post=29971"}],"curies":[{"name":"wp","href":"https:\/\/api.w.org\/{rel}","templated":true}]}}