{"id":29413,"date":"2014-11-12T02:18:26","date_gmt":"2014-11-12T00:18:26","guid":{"rendered":"http:\/\/triatletasenred.com\/?p=29413"},"modified":"2016-03-08T15:25:32","modified_gmt":"2016-03-08T13:25:32","slug":"nicola-spirig-debuta-en-ironman","status":"publish","type":"post","link":"https:\/\/miurltemporal.com/main/triatletasenred.sport.es\/actualidad\/nicola-spirig-debuta-en-ironman\/","title":{"rendered":"Nicola Spirig debuta en Ironman"},"content":{"rendered":"<h5 style=\"text-align: justify;\">La triatleta suiza realizar\u00e1 en Cozumel su primera incursi\u00f3n en larga distancia. Ser\u00e1 el pr\u00f3ximo 30 de noviembre y dar\u00e1 as\u00ed por finalizada la temporada. Entre sus rivales, la campeona del mundo Ironman en 2012, Leanda Cave.<\/h5>\n<p style=\"text-align: justify;\">&#8220;\u00a1Nueva aventura por delante! En tres semanas disputar\u00e9 mi primer Ironman <strong>#IMCozumel<\/strong>&#8221; titulaba la suiza en su cuenta de Twitter este martes para anunciar su debut en larga distancia. La actual campeona ol\u00edmpica <strong>Nicola Spiri<\/strong>g se muestra optimista de cara a la prueba, que se celebra en una ciudad que le trae buenos recuerdos. Y es que en Cozumel ha conseguido la victoria en las dos \u00faltimas ediciones de la Copa del Mundo ITU celebrada all\u00ed. Adem\u00e1s, este a\u00f1o tambi\u00e9n consigui\u00f3 la victoria en la Copa del Mundo ITU de Cartagena de Indias.<\/p>\n<p style=\"text-align: justify;\">Spirig deber\u00e1 completar los 3,8 kil\u00f3metros a nado, 180 en bicicleta y 42,195 a pie antes de convertirse en finisher. Entre sus rivales m\u00e1s destacadas, las estadounidenses <strong>Jocelyn Cornman<\/strong> y <strong>Leanda Cave<\/strong>, esta \u00faltima, campeona del mundo en distancia 70.3 y larga distancia. Adem\u00e1s, competir\u00e1 tambi\u00e9n la espa\u00f1ola <strong>Helena Herrero<\/strong>.<\/p>\n<p style=\"text-align: justify;\">Foto: Juegos Ol\u00edmpicos<\/p>\n","protected":false},"excerpt":{"rendered":"<p>La triatleta suiza realizar\u00e1 en Cozumel su primera incursi\u00f3n en larga distancia. Ser\u00e1 el pr\u00f3ximo 30 de noviembre y dar\u00e1 as\u00ed por finalizada la temporada. Entre sus rivales, la campeona del mundo Ironman en 2012, Leanda Cave. &#8220;\u00a1Nueva aventura por delante! En tres semanas disputar\u00e9 mi primer Ironman #IMCozumel&#8221; titulaba la suiza en su cuenta [&hellip;]<\/p>\n","protected":false},"author":12,"featured_media":29415,"comment_status":"open","ping_status":"open","sticky":false,"template":"","format":"standard","meta":{"_acf_changed":false,"rank_math_lock_modified_date":false,"footnotes":""},"categories":[17,1191],"tags":[405,404,2825,24],"class_list":{"0":"post-29413","1":"post","2":"type-post","3":"status-publish","4":"format-standard","5":"has-post-thumbnail","7":"category-actualidad","8":"category-triatlon","9":"tag-cozumel","10":"tag-ironman","11":"tag-nicola-spirig","12":"tag-triatlon"},"acf":[],"_links":{"self":[{"href":"https:\/\/miurltemporal.com/main/triatletasenred.sport.es\/wp-json\/wp\/v2\/posts\/29413"}],"collection":[{"href":"https:\/\/miurltemporal.com/main/triatletasenred.sport.es\/wp-json\/wp\/v2\/posts"}],"about":[{"href":"https:\/\/miurltemporal.com/main/triatletasenred.sport.es\/wp-json\/wp\/v2\/types\/post"}],"author":[{"embeddable":true,"href":"https:\/\/miurltemporal.com/main/triatletasenred.sport.es\/wp-json\/wp\/v2\/users\/12"}],"replies":[{"embeddable":true,"href":"https:\/\/miurltemporal.com/main/triatletasenred.sport.es\/wp-json\/wp\/v2\/comments?post=29413"}],"version-history":[{"count":0,"href":"https:\/\/miurltemporal.com/main/triatletasenred.sport.es\/wp-json\/wp\/v2\/posts\/29413\/revisions"}],"wp:featuredmedia":[{"embeddable":true,"href":"https:\/\/miurltemporal.com/main/triatletasenred.sport.es\/wp-json\/wp\/v2\/media\/29415"}],"wp:attachment":[{"href":"https:\/\/miurltemporal.com/main/triatletasenred.sport.es\/wp-json\/wp\/v2\/media?parent=29413"}],"wp:term":[{"taxonomy":"category","embeddable":true,"href":"https:\/\/miurltemporal.com/main/triatletasenred.sport.es\/wp-json\/wp\/v2\/categories?post=29413"},{"taxonomy":"post_tag","embeddable":true,"href":"https:\/\/miurltemporal.com/main/triatletasenred.sport.es\/wp-json\/wp\/v2\/tags?post=29413"}],"curies":[{"name":"wp","href":"https:\/\/api.w.org\/{rel}","templated":true}]}}