{"id":28984,"date":"2014-11-02T05:10:41","date_gmt":"2014-11-02T03:10:41","guid":{"rendered":"http:\/\/triatletasenred.com\/?p=28984"},"modified":"2016-04-21T14:02:39","modified_gmt":"2016-04-21T12:02:39","slug":"fernando-alarza-vuelve-a-correr","status":"publish","type":"post","link":"https:\/\/miurltemporal.com/main/triatletasenred.sport.es\/en-red\/fernando-alarza-vuelve-a-correr\/","title":{"rendered":"Fernando Alarza vuelve a correr"},"content":{"rendered":"<h5 style=\"text-align: justify;\">El triatleta talaverano mostr\u00f3 esta semana su alegr\u00eda en las redes sociales tras afirmar que ya puede volver a correr tras casi dos meses desde la confirmaci\u00f3n de la rotura de la fascia del pie. La lesi\u00f3n, que le oblig\u00f3 a retirarse en las Gran Final de Edmonton, le ha dejado en el dique seco hasta ahora.<\/h5>\n<p style=\"text-align: justify;\">&#8220;Grandes noticias! Ya puedo empezar a correr aunque sean 10 min. Algo es algo ;-)&#8221; escrib\u00eda <strong>Fernando Alarza<\/strong> en su <a href=\"https:\/\/twitter.com\/Fernando_Alarza\" target=\"_blank\" rel=\"nofollow noopener\">cuenta de <strong>Twitter<\/strong><\/a>, tras casi dos meses sin poder correr debido a la <strong>fascitis plantar<\/strong> que sufre desde finales de verano. El espa\u00f1ol, que acab\u00f3 en la duod\u00e9cima plaza en las pasadas Series Mundiales, empieza a ver la luz al final del t\u00fanel en su proceso de recuperaci\u00f3n y se prepara para llegar a la pretemporada en las mejores condiciones posibles.<\/p>\n<p style=\"text-align: justify;\">Adem\u00e1s Alarza, que acudi\u00f3 a los Premios de la Liga de F\u00fatbol, anunci\u00f3 que arranca una nueva etapa en la <strong>Universidad Cat\u00f3lica San Antonio de Murcia (UCAM)<\/strong> para continuar con sus estudios de <strong>fisioterapia<\/strong>. De esta manera se une a Mario mola, que ya firm\u00f3 un acuerdo con la UCAM el mes pasado. para continuar sus estudios de ADE.<\/p>\n<p style=\"text-align: justify;\">Foto: SPORTVICIOUS<\/p>\n","protected":false},"excerpt":{"rendered":"<p>El triatleta talaverano mostr\u00f3 esta semana su alegr\u00eda en las redes sociales tras afirmar que ya puede volver a correr tras casi dos meses desde la confirmaci\u00f3n de la rotura de la fascia del pie. La lesi\u00f3n, que le oblig\u00f3 a retirarse en las Gran Final de Edmonton, le ha dejado en el dique seco [&hellip;]<\/p>\n","protected":false},"author":12,"featured_media":28985,"comment_status":"open","ping_status":"open","sticky":false,"template":"","format":"standard","meta":{"_acf_changed":false,"rank_math_lock_modified_date":false,"footnotes":""},"categories":[17,16,1191],"tags":[2699,375,558,1455,923,24],"class_list":{"0":"post-28984","1":"post","2":"type-post","3":"status-publish","4":"format-standard","5":"has-post-thumbnail","7":"category-actualidad","8":"category-en-red","9":"category-triatlon","10":"tag-fascia","11":"tag-fernando-alarza","12":"tag-lesion","13":"tag-lesiones","14":"tag-triathlon","15":"tag-triatlon"},"acf":[],"_links":{"self":[{"href":"https:\/\/miurltemporal.com/main/triatletasenred.sport.es\/wp-json\/wp\/v2\/posts\/28984"}],"collection":[{"href":"https:\/\/miurltemporal.com/main/triatletasenred.sport.es\/wp-json\/wp\/v2\/posts"}],"about":[{"href":"https:\/\/miurltemporal.com/main/triatletasenred.sport.es\/wp-json\/wp\/v2\/types\/post"}],"author":[{"embeddable":true,"href":"https:\/\/miurltemporal.com/main/triatletasenred.sport.es\/wp-json\/wp\/v2\/users\/12"}],"replies":[{"embeddable":true,"href":"https:\/\/miurltemporal.com/main/triatletasenred.sport.es\/wp-json\/wp\/v2\/comments?post=28984"}],"version-history":[{"count":0,"href":"https:\/\/miurltemporal.com/main/triatletasenred.sport.es\/wp-json\/wp\/v2\/posts\/28984\/revisions"}],"wp:featuredmedia":[{"embeddable":true,"href":"https:\/\/miurltemporal.com/main/triatletasenred.sport.es\/wp-json\/wp\/v2\/media\/28985"}],"wp:attachment":[{"href":"https:\/\/miurltemporal.com/main/triatletasenred.sport.es\/wp-json\/wp\/v2\/media?parent=28984"}],"wp:term":[{"taxonomy":"category","embeddable":true,"href":"https:\/\/miurltemporal.com/main/triatletasenred.sport.es\/wp-json\/wp\/v2\/categories?post=28984"},{"taxonomy":"post_tag","embeddable":true,"href":"https:\/\/miurltemporal.com/main/triatletasenred.sport.es\/wp-json\/wp\/v2\/tags?post=28984"}],"curies":[{"name":"wp","href":"https:\/\/api.w.org\/{rel}","templated":true}]}}