{"id":28900,"date":"2014-11-14T09:26:09","date_gmt":"2014-11-14T07:26:09","guid":{"rendered":"http:\/\/triatletasenred.com\/?p=28900"},"modified":"2016-03-03T19:05:01","modified_gmt":"2016-03-03T17:05:01","slug":"funcionalidades-de-la-pernera-compresiva-sural","status":"publish","type":"post","link":"https:\/\/miurltemporal.com/main/triatletasenred.sport.es\/uncategorized\/funcionalidades-de-la-pernera-compresiva-sural\/","title":{"rendered":"Funcionalidades de la pernera compresiva Sural"},"content":{"rendered":"<h4 style=\"text-align: justify;\">La Pernera Compresiva SURAL ejerce presiones espec\u00edficas, m\u00e1ximas e intermedias adaptadas a cada zona a tratar.<\/h4>\n<p style=\"text-align: justify;\">Es una compresi\u00f3n que la caracterizan 8 aspectos determinantes:<\/p>\n<ol style=\"text-align: justify;\">\n<li>Optimizar el rendimiento del m\u00fasculo por su caracter\u00edstica de compresi\u00f3n por cent\u00edmetro cuadrado.<\/li>\n<li>Costuras planas para minimizar roces.<\/li>\n<li>Retrasa la aparici\u00f3n del \u00e1cido l\u00e1ctico y las agujetas<\/li>\n<li>La Compresi\u00f3n decreciente proporcionando m\u00e1s oxigeno al m\u00fasculo, mejorando la circulaci\u00f3n sangu\u00ednea y su recuperaci\u00f3n.<\/li>\n<li>Se Reduce a la m\u00ednima expresi\u00f3n la vibraci\u00f3n por impacto que sufren los m\u00fasculos durante la pr\u00e1ctica deportiva.<\/li>\n<li>Protecci\u00f3n ACTIVA y PASIVA: antes, durante y despu\u00e9s del esfuerzo f\u00edsico.<\/li>\n<li>Son ideales para cualquier modalidad deportiva y para trayectos de larga duraci\u00f3n, avi\u00f3n, tren o coche, evitando la aparici\u00f3n del edema maleolar. Para trabajos que implican largas hora de pie.<\/li>\n<li>Baja conductividad t\u00e9rmica. Su funci\u00f3n TERMOREGULADORA, facilita que la temperatura del m\u00fasculo se mantenga constante durante toda la actividad deportiva, evitando lesiones.<\/li>\n<\/ol>\n<p style=\"text-align: justify;\">Sural es una marca de prendas deportivas que se dedica a la creaci\u00f3n, fabricaci\u00f3n, distribuci\u00f3n y venta de material t\u00e9cnico textil. Especializada en triatl\u00f3n, running, ciclismo, nataci\u00f3n y compresi\u00f3n; adem\u00e1s realiza personalizaci\u00f3n de prendas deportivas para atletas, equipos y empresas.<\/p>\n<p style=\"text-align: justify;\">Sural pensada y creada para los atletas que demanden un material deportivo en el que puedan confiar en todo momento, para as\u00ed satisfacer las necesidades de los deportistas, de los atletas especializados y de los competidores m\u00e1s exigentes del mundo. El dise\u00f1o, la tecnolog\u00eda, el compromiso y la eficiencia son los valores de la compa\u00f1\u00eda.<\/p>\n<a class=\"vc_btn vc_btn-red vc_btn-sm vc_btn_square \" href=\"http:\/\/suralwear.com\/tienda\/es\/home\/205-pernera-compresiva.html\" rel=\"nofollow noopener\" target=\"_blank\">Web Oficial<\/a>\n","protected":false},"excerpt":{"rendered":"<p>La Pernera Compresiva SURAL ejerce presiones espec\u00edficas, m\u00e1ximas e intermedias adaptadas a cada zona a tratar. Es una compresi\u00f3n que la caracterizan 8 aspectos determinantes: Optimizar el rendimiento del m\u00fasculo por su caracter\u00edstica de compresi\u00f3n por cent\u00edmetro cuadrado. Costuras planas para minimizar roces. Retrasa la aparici\u00f3n del \u00e1cido l\u00e1ctico y las agujetas La Compresi\u00f3n decreciente [&hellip;]<\/p>\n","protected":false},"author":6,"featured_media":28901,"comment_status":"open","ping_status":"open","sticky":false,"template":"","format":"standard","meta":{"_acf_changed":false,"rank_math_lock_modified_date":false,"footnotes":""},"categories":[1784,1],"tags":[1931,1930,2691,462],"class_list":{"0":"post-28900","1":"post","2":"type-post","3":"status-publish","4":"format-standard","5":"has-post-thumbnail","7":"category-ropa-neoprenos","8":"category-uncategorized","9":"tag-compresiva","10":"tag-pernera","11":"tag-ropa-compresion","12":"tag-sural"},"acf":[],"_links":{"self":[{"href":"https:\/\/miurltemporal.com/main/triatletasenred.sport.es\/wp-json\/wp\/v2\/posts\/28900"}],"collection":[{"href":"https:\/\/miurltemporal.com/main/triatletasenred.sport.es\/wp-json\/wp\/v2\/posts"}],"about":[{"href":"https:\/\/miurltemporal.com/main/triatletasenred.sport.es\/wp-json\/wp\/v2\/types\/post"}],"author":[{"embeddable":true,"href":"https:\/\/miurltemporal.com/main/triatletasenred.sport.es\/wp-json\/wp\/v2\/users\/6"}],"replies":[{"embeddable":true,"href":"https:\/\/miurltemporal.com/main/triatletasenred.sport.es\/wp-json\/wp\/v2\/comments?post=28900"}],"version-history":[{"count":0,"href":"https:\/\/miurltemporal.com/main/triatletasenred.sport.es\/wp-json\/wp\/v2\/posts\/28900\/revisions"}],"wp:featuredmedia":[{"embeddable":true,"href":"https:\/\/miurltemporal.com/main/triatletasenred.sport.es\/wp-json\/wp\/v2\/media\/28901"}],"wp:attachment":[{"href":"https:\/\/miurltemporal.com/main/triatletasenred.sport.es\/wp-json\/wp\/v2\/media?parent=28900"}],"wp:term":[{"taxonomy":"category","embeddable":true,"href":"https:\/\/miurltemporal.com/main/triatletasenred.sport.es\/wp-json\/wp\/v2\/categories?post=28900"},{"taxonomy":"post_tag","embeddable":true,"href":"https:\/\/miurltemporal.com/main/triatletasenred.sport.es\/wp-json\/wp\/v2\/tags?post=28900"}],"curies":[{"name":"wp","href":"https:\/\/api.w.org\/{rel}","templated":true}]}}