{"id":28679,"date":"2014-10-24T13:21:53","date_gmt":"2014-10-24T11:21:53","guid":{"rendered":"http:\/\/triatletasenred.com\/?p=28679"},"modified":"2016-02-26T16:01:48","modified_gmt":"2016-02-26T14:01:48","slug":"albert-moreno-cierra-la-temporada-en-el-challenge-de-cerdena","status":"publish","type":"post","link":"https:\/\/miurltemporal.com/main/triatletasenred.sport.es\/actualidad\/albert-moreno-cierra-la-temporada-en-el-challenge-de-cerdena\/","title":{"rendered":"Albert Moreno cierra la temporada en el Challenge de Cerde\u00f1a"},"content":{"rendered":"<h5 style=\"text-align: justify;\">Despu\u00e9s de completar un total de nueve pruebas de media distancia, Albert Moreno ya est\u00e1 en la isla de Cerde\u00f1a para concluir la temporada disputando el Challenge de Cerde\u00f1a. El catal\u00e1n cierra su mejor temporada con un decimoquinto puesto en el Campeonato del Mundo Ironman 70.3 en Canad\u00e1.<\/h5>\n<p style=\"text-align: justify;\">La temporada da sus \u00faltimos coletazos y <strong>Albert Moreno<\/strong> cerrar\u00e1 en <strong>Cerde\u00f1a<\/strong> la que ha sido su mejor\u00a0a\u00f1o\u00a0en media distancia. El triatleta de Igualada ha logrado grandes resultados en pruebas Ironman 70.3, subiendo al podio en Pescara y Pays d&#8217;Aix; logrando entrar en el top10 del Campeonato de Europa de Ironman 70.3 o con el top15 en el <strong>Campeonato del Mundo Ironman 70.3<\/strong> celebrado en Mont-Tremblant.<\/p>\n<p style=\"text-align: justify;\">Ahora, el <strong>Challenge ForteVillage-Sardinia<\/strong> es la \u00faltima prueba de media distancia a la que se enfrentar\u00e1 este a\u00f1o plagado de \u00e9xitos no solo en la competici\u00f3n. El catal\u00e1n ha firmado un contrato con <strong>ASICS<\/strong> a trav\u00e9s del cual se convierte en <strong>embajador internacional<\/strong> de la marca y se consolida como el mejor atleta de media distancia de su generaci\u00f3n. Adem\u00e1s, vestir\u00e1 los colores del <strong>Club Atl\u00e9tic Igualada Triatl\u00f3<\/strong> en algunas pruebas del circuito catal\u00e1n de triatl\u00f3n<\/p>\n<p style=\"text-align: justify;\">En Cerde\u00f1a le esperan rivales de la talla de <strong>Ritchie Nicholls<\/strong> o Domenico Passuello, que elevar\u00e1n el nivel de la prueba. Moreno acude todav\u00eda con <strong>molestias en su pie<\/strong>, pero que no le impedir\u00e1n tomar la salida el domingo en la isla italiana. La tambi\u00e9n catalana <strong>Anna Noguera<\/strong>, que fue cuarta en Alpe d&#8217;Huez tambi\u00e9n cerrar\u00e1 la temporada en Cerde\u00f1a.<\/p>\n<p style=\"text-align: justify;\">Foto: Extreme Man<\/p>\n","protected":false},"excerpt":{"rendered":"<p>Despu\u00e9s de completar un total de nueve pruebas de media distancia, Albert Moreno ya est\u00e1 en la isla de Cerde\u00f1a para concluir la temporada disputando el Challenge de Cerde\u00f1a. El catal\u00e1n cierra su mejor temporada con un decimoquinto puesto en el Campeonato del Mundo Ironman 70.3 en Canad\u00e1. La temporada da sus \u00faltimos coletazos y [&hellip;]<\/p>\n","protected":false},"author":12,"featured_media":28681,"comment_status":"open","ping_status":"open","sticky":false,"template":"","format":"standard","meta":{"_acf_changed":false,"rank_math_lock_modified_date":false,"footnotes":""},"categories":[17,19,1191],"tags":[535,1567,2671,1806,24,525],"class_list":{"0":"post-28679","1":"post","2":"type-post","3":"status-publish","4":"format-standard","5":"has-post-thumbnail","7":"category-actualidad","8":"category-competiciones","9":"category-triatlon","10":"tag-albert-moreno","11":"tag-asics","12":"tag-moreni","13":"tag-moreno","14":"tag-triatlon","15":"tag-triatlon-media-distancia"},"acf":[],"_links":{"self":[{"href":"https:\/\/miurltemporal.com/main/triatletasenred.sport.es\/wp-json\/wp\/v2\/posts\/28679"}],"collection":[{"href":"https:\/\/miurltemporal.com/main/triatletasenred.sport.es\/wp-json\/wp\/v2\/posts"}],"about":[{"href":"https:\/\/miurltemporal.com/main/triatletasenred.sport.es\/wp-json\/wp\/v2\/types\/post"}],"author":[{"embeddable":true,"href":"https:\/\/miurltemporal.com/main/triatletasenred.sport.es\/wp-json\/wp\/v2\/users\/12"}],"replies":[{"embeddable":true,"href":"https:\/\/miurltemporal.com/main/triatletasenred.sport.es\/wp-json\/wp\/v2\/comments?post=28679"}],"version-history":[{"count":0,"href":"https:\/\/miurltemporal.com/main/triatletasenred.sport.es\/wp-json\/wp\/v2\/posts\/28679\/revisions"}],"wp:featuredmedia":[{"embeddable":true,"href":"https:\/\/miurltemporal.com/main/triatletasenred.sport.es\/wp-json\/wp\/v2\/media\/28681"}],"wp:attachment":[{"href":"https:\/\/miurltemporal.com/main/triatletasenred.sport.es\/wp-json\/wp\/v2\/media?parent=28679"}],"wp:term":[{"taxonomy":"category","embeddable":true,"href":"https:\/\/miurltemporal.com/main/triatletasenred.sport.es\/wp-json\/wp\/v2\/categories?post=28679"},{"taxonomy":"post_tag","embeddable":true,"href":"https:\/\/miurltemporal.com/main/triatletasenred.sport.es\/wp-json\/wp\/v2\/tags?post=28679"}],"curies":[{"name":"wp","href":"https:\/\/api.w.org\/{rel}","templated":true}]}}