{"id":28584,"date":"2014-10-21T22:23:02","date_gmt":"2014-10-21T20:23:02","guid":{"rendered":"http:\/\/triatletasenred.com\/?p=28584"},"modified":"2014-10-21T22:23:02","modified_gmt":"2014-10-21T20:23:02","slug":"ivan-rana-y-su-pasion-por-la-velocidad","status":"publish","type":"post","link":"https:\/\/miurltemporal.com/main/triatletasenred.sport.es\/actualidad\/ivan-rana-y-su-pasion-por-la-velocidad\/","title":{"rendered":"Iv\u00e1n Ra\u00f1a y su pasi\u00f3n por la velocidad"},"content":{"rendered":"<h5 style=\"text-align: justify;\">El gallego es un apasionado del mundo del motor. El pasado fin de semana estuvo en el Circuito de Jerez disfrutando de la victoria de Carlos Sainz Jr. en las World Series Renault 3.5, donde comparti\u00f3 mesa y mantel con el campe\u00f3n. Ra\u00f1a ha competido en diversas pruebas de rally a lo largo de su carrera.<\/h5>\n<p style=\"text-align: justify;\">A <strong>Iv\u00e1n Ra\u00f1a<\/strong> le corre la gasolina por las venas. Apasionado de las cuatro ruedas, el triatleta ha participado en diversas pruebas de rally a lo largo de su carrera. Aprovechando el final de temporada, el triatleta estuvo en el <strong>Circuito de Jerez<\/strong> para vivir en directo la victoria de <strong>Carlos Sainz Jr.<\/strong> en las <strong>World Series by Renault<\/strong>. Y es que el hijo del bicampe\u00f3n del mundo de rallies es un apasionado de la bicicleta y del triatl\u00f3n. Carlos Sainz Jr. compiti\u00f3\u00a0en el Garmin Barcelona Triathlon en 2012 y utiliza el triatl\u00f3n como parte de su preparaci\u00f3n f\u00edsica para competir en <strong>automovilismo<\/strong>.<\/p>\n<p style=\"text-align: justify;\">Ra\u00f1a ya descansa despu\u00e9s del <strong>Ironman de Haw\u00e1i<\/strong>, donde acab\u00f3 d\u00e9cimo s\u00e9ptimo tras una excelente remontada en la carrera a pi\u00e9. El gallego pas\u00f3 tambi\u00e9n por Alcoi para\u00a0visitar a <strong>226ERS<\/strong>, su sponsor. En su cuenta de Twitter se define como rally lover, pasi\u00f3n que practica cuando los entrenos se lo permiten. El a\u00f1o pasado en el mes de noviembre ya disput\u00f3 una prueba automovil\u00edsitca en <strong>Lanzarote<\/strong>.<\/p>\n<p style=\"text-align: justify;\">Foto: @BOrtizE<\/p>\n","protected":false},"excerpt":{"rendered":"<p>El gallego es un apasionado del mundo del motor. El pasado fin de semana estuvo en el Circuito de Jerez disfrutando de la victoria de Carlos Sainz Jr. en las World Series Renault 3.5, donde comparti\u00f3 mesa y mantel con el campe\u00f3n. Ra\u00f1a ha competido en diversas pruebas de rally a lo largo de su [&hellip;]<\/p>\n","protected":false},"author":12,"featured_media":28586,"comment_status":"open","ping_status":"open","sticky":false,"template":"","format":"standard","meta":{"_acf_changed":false,"rank_math_lock_modified_date":false,"footnotes":""},"categories":[17],"tags":[403,923,674,24],"class_list":{"0":"post-28584","1":"post","2":"type-post","3":"status-publish","4":"format-standard","5":"has-post-thumbnail","7":"category-actualidad","8":"tag-ivan-rana","9":"tag-triathlon","10":"tag-triatleta","11":"tag-triatlon"},"acf":[],"_links":{"self":[{"href":"https:\/\/miurltemporal.com/main/triatletasenred.sport.es\/wp-json\/wp\/v2\/posts\/28584"}],"collection":[{"href":"https:\/\/miurltemporal.com/main/triatletasenred.sport.es\/wp-json\/wp\/v2\/posts"}],"about":[{"href":"https:\/\/miurltemporal.com/main/triatletasenred.sport.es\/wp-json\/wp\/v2\/types\/post"}],"author":[{"embeddable":true,"href":"https:\/\/miurltemporal.com/main/triatletasenred.sport.es\/wp-json\/wp\/v2\/users\/12"}],"replies":[{"embeddable":true,"href":"https:\/\/miurltemporal.com/main/triatletasenred.sport.es\/wp-json\/wp\/v2\/comments?post=28584"}],"version-history":[{"count":0,"href":"https:\/\/miurltemporal.com/main/triatletasenred.sport.es\/wp-json\/wp\/v2\/posts\/28584\/revisions"}],"wp:featuredmedia":[{"embeddable":true,"href":"https:\/\/miurltemporal.com/main/triatletasenred.sport.es\/wp-json\/wp\/v2\/media\/28586"}],"wp:attachment":[{"href":"https:\/\/miurltemporal.com/main/triatletasenred.sport.es\/wp-json\/wp\/v2\/media?parent=28584"}],"wp:term":[{"taxonomy":"category","embeddable":true,"href":"https:\/\/miurltemporal.com/main/triatletasenred.sport.es\/wp-json\/wp\/v2\/categories?post=28584"},{"taxonomy":"post_tag","embeddable":true,"href":"https:\/\/miurltemporal.com/main/triatletasenred.sport.es\/wp-json\/wp\/v2\/tags?post=28584"}],"curies":[{"name":"wp","href":"https:\/\/api.w.org\/{rel}","templated":true}]}}