{"id":28555,"date":"2014-10-23T21:17:25","date_gmt":"2014-10-23T19:17:25","guid":{"rendered":"http:\/\/triatletasenred.com\/?p=28555"},"modified":"2014-10-23T21:19:43","modified_gmt":"2014-10-23T19:19:43","slug":"cronica-desde-el-dorsal-utsm-ultra-trail-serra-del-montsant","status":"publish","type":"post","link":"https:\/\/miurltemporal.com/main/triatletasenred.sport.es\/competiciones\/cronica-desde-el-dorsal-utsm-ultra-trail-serra-del-montsant\/","title":{"rendered":"Cr\u00f3nica desde el dorsal: UTSM &#8211; Ultra Trail Serra del Montsant"},"content":{"rendered":"<h5 style=\"text-align: justify;\">Este pasado fin de semana se disput\u00f3 el Ultra Trail Serra del Montsant, recorriendo esta bonita sierra y pasando por los pueblos m\u00e1s emblem\u00e1ticos de la comarca de <b>Falset<\/b> en Catalunya. Un Ultra-Trail que se afianza, disput\u00e1ndose este a\u00f1o ya, su 5\u00aa Edici\u00f3n.<\/h5>\n<p style=\"text-align: justify;\">El s\u00e1bado a las 9:00 en el pueblo de <b>Cornudella del Montsant<\/b> se daba el pistoletazo de salida a m\u00e1s de 250 participantes, que se dispon\u00edan a recorrer los 101 km de distancia y 4000 metros de desnivel positivo. El recorrido daba una vuelta a todo el macizo de la Serra del Montsant, pasando por sus pueblos m\u00e1s representativos donde se establec\u00edan los 4 avituallamientos principales y punto donde todos los atletas pod\u00edan recibir asistencia de sus familiares o amigos.<\/p>\n<p style=\"text-align: justify;\">La primera parada se hac\u00eda en el pueblo de<b> Ulldemolins<\/b>, despu\u00e9s de haber superado un primer tramo con un desnivel de unos 700m positivos y unos 18km y poder disfrutar de una vistas espectaculares. Una vez superada esta etapa, los participantes deb\u00edan dirigirse al pueblo de <b>Margalef<\/b>. Para ello hab\u00edan de seguir un recorrido lleno de caminos y senderos bastante estrechos, con muchas zonas de toboganes, perfecta para los amantes de las carreras r\u00e1pidas. A partir de <b>Margalef<\/b> y despu\u00e9s de unos kil\u00f3metros m\u00e1s de bajada, ven\u00eda uno de los tramos m\u00e1s duros de la carrera, la subida a la <b>ermita de Sant Salvador,<\/b> con casi 500m de desnivel en poco m\u00e1s de 6 km, coincidiendo con las horas de m\u00e1s calor del d\u00eda. <b>Cabac\u00e9s<\/b> fue el punto m\u00e1s cr\u00edtico de la carrera, ya que con poco m\u00e1s de la mitad de recorrido completado, muchos participantes decidieron abandonar.<\/p>\n<p style=\"text-align: justify;\">Los pocos corredores que decidieron salir de <b>Cabac\u00e9s<\/b>, ten\u00edan que afrontar la siguiente colina que les conduc\u00eda al pueblo de <b>La Vilella Baixa<\/b> despu\u00e9s de superar otro importante desnivel de casi 400m. Superando un par de colinas m\u00e1s y con el sol ya m\u00e1s bajo los participantes llegaban al pueblo de <b>Escaladei<\/b> en el km 81. El punto de la verdad y donde tomar la \u00faltima decisi\u00f3n importante: seguir y afrontar la subida a <b>\u201cGrau Escletxa\u201d<\/b> con 500m positivos en 4,5 km o retirarse a menos de 20 km. Sin duda, esta subida era la m\u00e1s dura y t\u00e9cnica del recorrido, por otro lado, la motivaci\u00f3n de poder ser Finisher, daba ese peque\u00f1o plus que falta cuando las fuerzas son escasas y el desgaste del cuerpo es m\u00e1ximo. Finalmente y superado este \u00faltimo tramo, 146 atletas pudieron cruzar la l\u00ednea de meta de nuevo en <b>Cornudella del Montsant.\u00a0<\/b>Los ganadores de la prueba fueron Kai Langel (12h 19min) en categor\u00eda masculina y Patri Torres Moya (15h 03min) en categor\u00eda femenina.<\/p>\n<p style=\"text-align: justify;\">Como aspecto a resaltar, no siendo un Ultra-Trail de los m\u00e1s duros que existen, sorprende la cantidad de abandonos que se produjeron, casi un 40%. Muy probablemente a consecuencia de la temperatura casi de verano que se vivi\u00f3 ese d\u00eda en esa zona.<\/p>\n<p style=\"text-align: justify;\">As\u00ed mismo, como en muchos de los eventos y carreras, no pod\u00edan faltar las \u201chermanas peque\u00f1as\u201d con recorridos m\u00e1s cortos de 44 kil\u00f3metros y 19oo metros de desnivel positivo; de 26 y 1100; y de 10 y 350.<\/p>\n<p style=\"text-align: justify;\">Un Ultra-Trail perfecto para iniciarse en la Ultra-distancia, sin ser \u201cexcesivamente dif\u00edcil\u201d, un desnivel medio, con una combinaci\u00f3n acertada de zonas t\u00e9cnicas y sendero f\u00e1cil, bonitos paisajes y con buena organizaci\u00f3n tanto en el marcaje como en los avituallamientos. Sin duda, una prueba de que todos los amantes del Trail deber\u00edan tener en cuenta.<\/p>\n<a class=\"vc_btn vc_btn-blue vc_btn-sm vc_btn_square \" href=\"https:\/\/twitter.com\/danics81\" rel=\"nofollow noopener\" target=\"_blank\">@danics81<\/a>\n<p><a href=\"http:\/\/www.esportissim.com\/\" rel=\"nofollow noopener\" target=\"_blank\"><img decoding=\"async\" src=\"https:\/\/dl.dropboxusercontent.com\/u\/31969244\/ATRIENRED\/esportissim.jpg\" alt=\"\" width=\"529\" height=\"58\" \/><\/a><\/p>\n","protected":false},"excerpt":{"rendered":"<p>Este pasado fin de semana se disput\u00f3 el Ultra Trail Serra del Montsant, recorriendo esta bonita sierra y pasando por los pueblos m\u00e1s emblem\u00e1ticos de la comarca de Falset en Catalunya. Un Ultra-Trail que se afianza, disput\u00e1ndose este a\u00f1o ya, su 5\u00aa Edici\u00f3n. El s\u00e1bado a las 9:00 en el pueblo de Cornudella del Montsant [&hellip;]<\/p>\n","protected":false},"author":243,"featured_media":28560,"comment_status":"open","ping_status":"open","sticky":false,"template":"","format":"standard","meta":{"_acf_changed":false,"rank_math_lock_modified_date":false,"footnotes":""},"categories":[19,1192],"tags":[100,631,138,102,559,997,1374,828],"class_list":{"0":"post-28555","1":"post","2":"type-post","3":"status-publish","4":"format-standard","5":"has-post-thumbnail","7":"category-competiciones","8":"category-running","9":"tag-dani-calvo","10":"tag-run","11":"tag-running","12":"tag-trail","13":"tag-ultra","14":"tag-ultra-trail","15":"tag-ultra-trail-serra-del-montsant","16":"tag-utsm"},"acf":[],"_links":{"self":[{"href":"https:\/\/miurltemporal.com/main/triatletasenred.sport.es\/wp-json\/wp\/v2\/posts\/28555"}],"collection":[{"href":"https:\/\/miurltemporal.com/main/triatletasenred.sport.es\/wp-json\/wp\/v2\/posts"}],"about":[{"href":"https:\/\/miurltemporal.com/main/triatletasenred.sport.es\/wp-json\/wp\/v2\/types\/post"}],"author":[{"embeddable":true,"href":"https:\/\/miurltemporal.com/main/triatletasenred.sport.es\/wp-json\/wp\/v2\/users\/243"}],"replies":[{"embeddable":true,"href":"https:\/\/miurltemporal.com/main/triatletasenred.sport.es\/wp-json\/wp\/v2\/comments?post=28555"}],"version-history":[{"count":0,"href":"https:\/\/miurltemporal.com/main/triatletasenred.sport.es\/wp-json\/wp\/v2\/posts\/28555\/revisions"}],"wp:featuredmedia":[{"embeddable":true,"href":"https:\/\/miurltemporal.com/main/triatletasenred.sport.es\/wp-json\/wp\/v2\/media\/28560"}],"wp:attachment":[{"href":"https:\/\/miurltemporal.com/main/triatletasenred.sport.es\/wp-json\/wp\/v2\/media?parent=28555"}],"wp:term":[{"taxonomy":"category","embeddable":true,"href":"https:\/\/miurltemporal.com/main/triatletasenred.sport.es\/wp-json\/wp\/v2\/categories?post=28555"},{"taxonomy":"post_tag","embeddable":true,"href":"https:\/\/miurltemporal.com/main/triatletasenred.sport.es\/wp-json\/wp\/v2\/tags?post=28555"}],"curies":[{"name":"wp","href":"https:\/\/api.w.org\/{rel}","templated":true}]}}