{"id":28425,"date":"2014-10-18T20:25:12","date_gmt":"2014-10-18T18:25:12","guid":{"rendered":"http:\/\/triatletasenred.com\/?p=28425"},"modified":"2016-02-26T16:01:52","modified_gmt":"2016-02-26T14:01:52","slug":"bronce-de-gustavo-rodriguez-en-el-campeonato-de-europa-de-media-distancia","status":"publish","type":"post","link":"https:\/\/miurltemporal.com/main/triatletasenred.sport.es\/actualidad\/bronce-de-gustavo-rodriguez-en-el-campeonato-de-europa-de-media-distancia\/","title":{"rendered":"Bronce de Gustavo Rodr\u00edguez en el Campeonato de Europa de Media Distancia"},"content":{"rendered":"<h5 align=\"JUSTIFY\">Competici\u00f3n en estado puro en la primera edici\u00f3n del <strong>Challenge Paguera<\/strong>. El <strong>Campeonato de Europa de Triatlon de Media Distancia<\/strong> ha sido un espect\u00e1culo desde el principio y la victoria ha sido para el italiano <strong>Giulio Molinari<\/strong> (4:07:38h). La delegaci\u00f3n espa\u00f1ola ha destacado en las primeras posiciones en los distintos tramos y <b>Gustavo Rodr\u00edguez<\/b> ha obtenido un m\u00e1s que merecido bronce con un tiempo de\u00a04:14:15h.<\/h5>\n<p align=\"JUSTIFY\">En\u00a0una nataci\u00f3n sin neopreno, Francisco Hern\u00e1ndez \u201c<strong>Pakillo<\/strong>\u201d y <strong>Carlos L\u00f3pez<\/strong> encabezaban la carrera tras los 1.9km de nado, seguidos por un grupo perseguidor con <strong>Molinari<\/strong> y otros seis triatletas m\u00e1s. \u00d3scar Vicente y Gustavo Rodr\u00edguez sal\u00edan\u00a0a tres minutos, seguidos de Alejandro Santamar\u00eda y, por detr\u00e1s, Jos\u00e9 Almagro.<\/p>\n<p align=\"JUSTIFY\">Las dos vueltas del circuito ciclista integraban cuatro subidas, dos por vuelta, al puerto del <strong>Coll de Cap Deia<\/strong>. Ya de inicio\u00a0la elevaci\u00f3n asciend\u00eda hasta 400 metros, punto en el que Molinari ha pasado a dominar la prueba. En la segunda vuelta, \u201cPakillo\u201d, L\u00f3pez y otros seis segu\u00edan al l\u00edder a 4 minutos, Gustavo Rodr\u00edguez a 5\u2019 y Oscar Vicente a casi siete minutos.<\/p>\n<p align=\"JUSTIFY\">A falta de 25km, Giulio <strong>Molinari<\/strong> ampliaba la ventaja a cinco minutos\u00a0respecto al\u00a0grupo, formado por \u201cPakillo\u201d, Strange, Casadei y Pais. En la T2, el l\u00edder entraba con\u00a0ocho minutos de ventaja sobre sus competidores m\u00e1s pr\u00f3ximos, en un grupo que pedaleaban los espa\u00f1oles <strong>Rodr\u00edguez<\/strong> y Vicente, y a nueve de otro gran grupo.<\/p>\n<p align=\"JUSTIFY\">La <strong>carrera a pie<\/strong> ha sido un espect\u00e1culo y donde <strong>Molinari ha afianzado la victoria<\/strong>. En el primer tramo, el portugu\u00e9s <strong>Bruno Pais<\/strong> ha rebajado dos minutos la distancia respecto el l\u00edder, mientras que Gustavo Rodr\u00edguez luchaba contra Johann Ackermann, Kirill Kotsegarov, Thomas Strange y Alberto Casadei por la tercera plaza. A falta de siete kil\u00f3metros, <strong>Rodr\u00edguez<\/strong> se liberaba de Casadei y Strange y se escapaba solo\u00a0hacia\u00a0el bronce, despu\u00e9s de la plata de Pais (4:12:32h). En el \u00faltimo cinco mil, <strong>Alejandro Santamar\u00eda<\/strong> escalaba posiciones y sub\u00eda hasta la cuarta plaza, obteniendo el mejor registro de la carrera a pie.<\/p>\n<p align=\"JUSTIFY\">En categor\u00eda femenina ha sido la danesa <strong>Helle Frederiksen<\/strong>\u00a0la que ha marcado el ritmo en la nataci\u00f3n, saliendo con dos minutos de diferencia sobre Lisa H\u00fctthaler y las espa\u00f1olas <strong>Esther Rodr\u00edguez<\/strong> y <strong>Judith Corach\u00e1n<\/strong>. Frederiksen ha mantenido el liderazgo tambi\u00e9n en el ciclismo, pero Anja Beranek, que fue baja en el Ironman Barcelona, pisaba fuerte y se ha colocado segunda, seguida de Hutthaler. Las tres llegaban juntas a la T2.<\/p>\n<p align=\"JUSTIFY\">La media marat\u00f3n final ha sido decisiva para las f\u00e9minas. Frederiksen se ha mantenido l\u00edder durante\u00a0los primeros diez kil\u00f3metros, pero <strong>H\u00fctthaler<\/strong> ha marcado el ritmo a partir de entonces y se ha proclamado campeona de Europa con un tiempo de 4:25:27h. <strong>Frederiksen<\/strong> ha finalizado subcampeona (4:27:21h) y la danesa Maja Stage entraba tercera por sorpresa (4:44:17h), despu\u00e9s de que Anja Beranek sufriese mucho en el \u00faltimo tramo. La primera espa\u00f1ola, <strong>Helena Herrero<\/strong>, ha sido 11\u00aa, <strong>Gurutze Frades<\/strong> 12\u00aa, <strong>Judith Corach\u00e1n<\/strong> 17\u00aa y <strong>Mabel Gallardo<\/strong> 18\u00aa.<\/p>\n<p align=\"JUSTIFY\"><strong>Challenge Paguera<\/strong> ha vivido una primera edici\u00f3n bajo un sol de justicia. Molinari ha roto el crono tras una excelente actuaci\u00f3n y un brillante parcial de ciclismo (2:11:50h). Por parte espa\u00f1ola, <strong>Gustavo Rodr\u00edguez<\/strong> ha marcado el segundo mejor parcial de bici con 2:17:04h y <strong>Alejandro Santamar\u00eda<\/strong>, cuarto, ha volado como nadie en carrera a pie (1:19:45h). Joan Nadal, del GG.EE 30-34, ha acabado 13\u00ba de la general.<\/p>\n<p align=\"JUSTIFY\">Foto: FETRI<\/p>\n","protected":false},"excerpt":{"rendered":"<p>Competici\u00f3n en estado puro en la primera edici\u00f3n del Challenge Paguera. El Campeonato de Europa de Triatlon de Media Distancia ha sido un espect\u00e1culo desde el principio y la victoria ha sido para el italiano Giulio Molinari (4:07:38h). La delegaci\u00f3n espa\u00f1ola ha destacado en las primeras posiciones en los distintos tramos y Gustavo Rodr\u00edguez ha [&hellip;]<\/p>\n","protected":false},"author":250,"featured_media":28429,"comment_status":"open","ping_status":"open","sticky":false,"template":"","format":"standard","meta":{"_acf_changed":false,"rank_math_lock_modified_date":false,"footnotes":""},"categories":[17,19,1191],"tags":[389,2217,2279,465,2638,525],"class_list":{"0":"post-28425","1":"post","2":"type-post","3":"status-publish","4":"format-standard","5":"has-post-thumbnail","7":"category-actualidad","8":"category-competiciones","9":"category-triatlon","10":"tag-challenge","11":"tag-etu","12":"tag-laura-jimenez","13":"tag-mallorca","14":"tag-paguera","15":"tag-triatlon-media-distancia"},"acf":[],"_links":{"self":[{"href":"https:\/\/miurltemporal.com/main/triatletasenred.sport.es\/wp-json\/wp\/v2\/posts\/28425"}],"collection":[{"href":"https:\/\/miurltemporal.com/main/triatletasenred.sport.es\/wp-json\/wp\/v2\/posts"}],"about":[{"href":"https:\/\/miurltemporal.com/main/triatletasenred.sport.es\/wp-json\/wp\/v2\/types\/post"}],"author":[{"embeddable":true,"href":"https:\/\/miurltemporal.com/main/triatletasenred.sport.es\/wp-json\/wp\/v2\/users\/250"}],"replies":[{"embeddable":true,"href":"https:\/\/miurltemporal.com/main/triatletasenred.sport.es\/wp-json\/wp\/v2\/comments?post=28425"}],"version-history":[{"count":0,"href":"https:\/\/miurltemporal.com/main/triatletasenred.sport.es\/wp-json\/wp\/v2\/posts\/28425\/revisions"}],"wp:featuredmedia":[{"embeddable":true,"href":"https:\/\/miurltemporal.com/main/triatletasenred.sport.es\/wp-json\/wp\/v2\/media\/28429"}],"wp:attachment":[{"href":"https:\/\/miurltemporal.com/main/triatletasenred.sport.es\/wp-json\/wp\/v2\/media?parent=28425"}],"wp:term":[{"taxonomy":"category","embeddable":true,"href":"https:\/\/miurltemporal.com/main/triatletasenred.sport.es\/wp-json\/wp\/v2\/categories?post=28425"},{"taxonomy":"post_tag","embeddable":true,"href":"https:\/\/miurltemporal.com/main/triatletasenred.sport.es\/wp-json\/wp\/v2\/tags?post=28425"}],"curies":[{"name":"wp","href":"https:\/\/api.w.org\/{rel}","templated":true}]}}