{"id":28407,"date":"2014-10-18T19:02:29","date_gmt":"2014-10-18T17:02:29","guid":{"rendered":"http:\/\/triatletasenred.com\/?p=28407"},"modified":"2014-10-20T22:22:52","modified_gmt":"2014-10-20T20:22:52","slug":"vicente-hernandez-logra-ser-quinto-en-la-copa-del-mundo-itu-de-tongyeong","status":"publish","type":"post","link":"https:\/\/miurltemporal.com/main/triatletasenred.sport.es\/actualidad\/vicente-hernandez-logra-ser-quinto-en-la-copa-del-mundo-itu-de-tongyeong\/","title":{"rendered":"Vicente Hern\u00e1ndez logra ser quinto en la Copa del Mundo ITU de Tongyeong"},"content":{"rendered":"<h5 style=\"text-align: justify;\">El triatleta canario ha sido quinto en la \u00faltima Copa del Mundo ITU de la temporada, celebrada en la localidad sur coreana de Tongyeong. Hern\u00e1ndez ha realizado una espectacular remontada en la carrera a pie junto con David Hauss. El sudafricano Henri Schoeman ha conseguido su primera victoria ITU, seguido de Ben Kanute y Tommy Zaferes.<\/h5>\n<p style=\"text-align: justify;\">La temporada 2014 de <strong>Copa del Mundo ITU<\/strong> ha finalizado este fin de semana en <strong>Tongyeong<\/strong>, Corea del Sur. <strong>Henri Scheoeman<\/strong> se ha estrenado con victoria en una prueba ITU que ha dominado desde los primeros compases del sector de nataci\u00f3n. El sudafricano se ha escapado en un grupo de cinco hombres ya desde el sector de nataci\u00f3n (<a title=\"ITU Tongyeong men\" href=\"https:\/\/www.youtube.com\/watch?v=xrqXexdKL9E#t=180\" target=\"_blank\" rel=\"nofollow noopener\">v\u00eddeo resumen<\/a>) para dominar la carrera. Por detr\u00e1s, un grupo muy numeroso donde se integraban los espa\u00f1oles intentaban dar caza a los cinco escapados. En la carrera a pie, Schoeman ha demostrado su buen hacer en la carrera a pie y tras una \u00faltima vuelta en solitario ha entrado en meta en un tiempo de 1:48:15. Entre los diez primeros, la mitad han sido americanos, con presencia en el podio de dos de sus hombres, <strong>Kanude<\/strong> y <strong>Zaferes<\/strong>.<\/p>\n<p style=\"text-align: justify;\">El canario <strong>Vicente Hern\u00e1ndez<\/strong> ha finalizado quinto en una excelente carrera a pie mano a mano con el franc\u00e9s David Hauss. Ambos han remontado posiciones y han logrado bajar de los 31 minutos en la carrera a pie, recortando casi dos minutos a los l\u00edderes. De esta manera, el isle\u00f1o finaliza la temporada con un <strong>top5 en una Copa del Mundo ITU<\/strong>.<\/p>\n<p style=\"text-align: justify;\"><strong>Cesc Godoy<\/strong> ha acabado decimoctavo, mientras que <strong>David Castro<\/strong>, que hace unas semanas sub\u00eda al podio en la Copa del Mundo de Alanya, logr\u00f3 la vig\u00e9simo tercera posici\u00f3n &#8220;sufriendo como un perro&#8221; tal y como comentaba en su cuenta de Twitter. <strong>Jes\u00fas Gomar<\/strong> ha cruzado la meta vig\u00e9simo sexto, mientras que <strong>Ricardo Hern\u00e1ndez<\/strong> ha tenido un mal d\u00eda y ha finalizado en el puesto cuarenta y cinco.<\/p>\n<p style=\"text-align: justify;\">En categor\u00eda femenina la victoria ha sido para <strong>Emma Jackson<\/strong>, que de esta manera revalida el t\u00edtulo conseguido el a\u00f1o anterior. Ai Ueda y Maaike Caellers han acompa\u00f1ado a la australiana en el podio. Las tres triatletas han afrontado la \u00faltima vuelta a pie juntas y ha sido finalmente Jackson la que ha vencido (<a title=\"ITU Tongyeong women\" href=\"https:\/\/www.youtube.com\/watch?v=TUOoQpBS1KQ\" target=\"_blank\" rel=\"nofollow noopener\">v\u00eddeo resumen<\/a>) por unos segundos en la l\u00ednea de meta a <strong>Ai Ueda<\/strong>. <strong>Carolina Routier<\/strong> ha tenido que abandonar en los primeros compases de la bicicleta, mientras que <strong>Ainhoa Mur\u00faa<\/strong> ha sido decimocuarta a dos minutos de Jackson.<\/p>\n<p style=\"text-align: justify;\">La <a title=\"La ITU presenta la Copa del Mundo 2015\" href=\"https:\/\/miurltemporal.com/main/triatletasenred.sport.es\/actualidad\/la-itu-presenta-el-calendario-2015-de-copas-del-mundo-de-triatlon\/\" target=\"_blank\">Copa del Mundo ITU 2015<\/a> ya ha sido presentada, con un total de cinco citas, que ser\u00e1n ampliables a tres m\u00e1s seg\u00fan la <strong>ITU.<\/strong><\/p>\n<p style=\"text-align: justify;\">Foto: Yeray M\u00e9ndez<\/p>\n","protected":false},"excerpt":{"rendered":"<p>El triatleta canario ha sido quinto en la \u00faltima Copa del Mundo ITU de la temporada, celebrada en la localidad sur coreana de Tongyeong. Hern\u00e1ndez ha realizado una espectacular remontada en la carrera a pie junto con David Hauss. El sudafricano Henri Schoeman ha conseguido su primera victoria ITU, seguido de Ben Kanute y Tommy [&hellip;]<\/p>\n","protected":false},"author":12,"featured_media":28419,"comment_status":"open","ping_status":"open","sticky":false,"template":"","format":"standard","meta":{"_acf_changed":false,"rank_math_lock_modified_date":false,"footnotes":""},"categories":[17,19,1191],"tags":[2533,2231,930,2639,923,2218,2377],"class_list":{"0":"post-28407","1":"post","2":"type-post","3":"status-publish","4":"format-standard","5":"has-post-thumbnail","7":"category-actualidad","8":"category-competiciones","9":"category-triatlon","10":"tag-copa-del-mundo","11":"tag-hernandez","12":"tag-itu","13":"tag-tongyeong","14":"tag-triathlon","15":"tag-vicente-hernandez","16":"tag-world-cup"},"acf":[],"_links":{"self":[{"href":"https:\/\/miurltemporal.com/main/triatletasenred.sport.es\/wp-json\/wp\/v2\/posts\/28407"}],"collection":[{"href":"https:\/\/miurltemporal.com/main/triatletasenred.sport.es\/wp-json\/wp\/v2\/posts"}],"about":[{"href":"https:\/\/miurltemporal.com/main/triatletasenred.sport.es\/wp-json\/wp\/v2\/types\/post"}],"author":[{"embeddable":true,"href":"https:\/\/miurltemporal.com/main/triatletasenred.sport.es\/wp-json\/wp\/v2\/users\/12"}],"replies":[{"embeddable":true,"href":"https:\/\/miurltemporal.com/main/triatletasenred.sport.es\/wp-json\/wp\/v2\/comments?post=28407"}],"version-history":[{"count":0,"href":"https:\/\/miurltemporal.com/main/triatletasenred.sport.es\/wp-json\/wp\/v2\/posts\/28407\/revisions"}],"wp:featuredmedia":[{"embeddable":true,"href":"https:\/\/miurltemporal.com/main/triatletasenred.sport.es\/wp-json\/wp\/v2\/media\/28419"}],"wp:attachment":[{"href":"https:\/\/miurltemporal.com/main/triatletasenred.sport.es\/wp-json\/wp\/v2\/media?parent=28407"}],"wp:term":[{"taxonomy":"category","embeddable":true,"href":"https:\/\/miurltemporal.com/main/triatletasenred.sport.es\/wp-json\/wp\/v2\/categories?post=28407"},{"taxonomy":"post_tag","embeddable":true,"href":"https:\/\/miurltemporal.com/main/triatletasenred.sport.es\/wp-json\/wp\/v2\/tags?post=28407"}],"curies":[{"name":"wp","href":"https:\/\/api.w.org\/{rel}","templated":true}]}}