{"id":28205,"date":"2014-10-14T07:31:36","date_gmt":"2014-10-14T05:31:36","guid":{"rendered":"http:\/\/triatletasenred.com\/?p=28205"},"modified":"2014-10-14T23:56:10","modified_gmt":"2014-10-14T21:56:10","slug":"travesias-cronica-de-la-radikal-mar-brava-2014","status":"publish","type":"post","link":"https:\/\/miurltemporal.com/main/triatletasenred.sport.es\/travesias\/travesias-cronica-de-la-radikal-mar-brava-2014\/","title":{"rendered":"TRAVES\u00cdAS: Cr\u00f3nica de la Radikal Mar Brava 2014"},"content":{"rendered":"<p style=\"text-align: justify;\"><strong>Alrededor de novecientos participantes tomaron la salida, desafiando olas de hasta un metro, que hicieron honor al nombre de la traves\u00eda .\u00a0<\/strong><\/p>\n<p style=\"text-align: justify;\">La fiesta de la Radikal, comenz\u00f3 el d\u00eda antes con la prueba en equipos por relevos y con actividades en el village, adem\u00e1s de una exposici\u00f3n comercial.<\/p>\n<p style=\"text-align: justify;\">La organizaci\u00f3n de la Radikal, volvi\u00f3 a innovar, con la iniciativa Radikal Angel Swimmer. Un equipo de grandes nadadores de aguas abiertas que acompa\u00f1aron, guiaron y dieron consejos de proximidad durante la traves\u00eda, tanto en la 7.0 como en la 1.5. Con la intenci\u00f3n de que los nadadores se sintieran acompa\u00f1ados en todo momento y hacer que disfrutaran al m\u00e1ximo del mar.<\/p>\n<p style=\"text-align: justify;\">La incertidumbre de la previsi\u00f3n, planeaba en las conversaciones de los nadadores antes de empezar. La temperatura del mar en la Costa Brava \u00a0estaba a unos 21\u00baC, que anim\u00f3 a unos cuantos a nadar sin traje de neopreno.<\/p>\n<p style=\"text-align: justify;\">El inicio de la prueba fue a las 9:10. El oleaje, de cara en la salida, hizo que los nadadores, a iniciativa propia, salieran escalonados, para nadar con m\u00e1s comodidad. Hasta los 4.000 metros el mar estuvo movido y con olas que hac\u00edan m\u00e1s laborioso el avance. Al iniciar el trayecto hacia la bah\u00eda de Llafranc, las olas molestaban menos. El d\u00eda fue mejorando, con el transcurso de la ma\u00f1ana el d\u00eda nublado fue dejando paso a una jornada soleada.<\/p>\n<p style=\"text-align: justify;\">La salida del agua, en los \u00faltimos metros, hubo varios revolcones, por efecto de las olas que romp\u00edan en la playa, mientras los nadadores se pon\u00edan de pie.<\/p>\n<p style=\"text-align: justify;\">A las 12:30 se dio la salida a la prueba 1.5, que resegu\u00eda la costa, tambi\u00e9n se encontraron una mar movido.<\/p>\n<p style=\"text-align: justify;\">El ganador absoluto de la prueba 7.0 fue Marc Vivas Egea, 1h14\u201932\u201d y la vencedora fue Esther N\u00fa\u00f1ez Morera, con un tiempo de 1h20\u201951\u201d.<\/p>\n<p style=\"text-align: justify;\">En la traves\u00eda 1.5, El vencedor fue Enric Torrents Herreo, 19\u201938\u00b7 y la ganadora, Carla Campo Casaj\u00fas, con 19\u201957\u201d.<\/p>\n<p><a href=\"http:\/\/www.radikalswim.com\/es\/seccio\/veure\/86\" rel=\"nofollow noopener\" target=\"_blank\">Classificaci\u00f3n 7.0<\/a><\/p>\n<p><a href=\"http:\/\/www.radikalswim.com\/es\/seccio\/veure\/85\" rel=\"nofollow noopener\" target=\"_blank\">Classificaci\u00f3n 1.5<\/a><\/p>\n","protected":false},"excerpt":{"rendered":"<p>Alrededor de novecientos participantes tomaron la salida, desafiando olas de hasta un metro, que hicieron honor al nombre de la traves\u00eda .\u00a0 La fiesta de la Radikal, comenz\u00f3 el d\u00eda antes con la prueba en equipos por relevos y con actividades en el village, adem\u00e1s de una exposici\u00f3n comercial. La organizaci\u00f3n de la Radikal, volvi\u00f3 [&hellip;]<\/p>\n","protected":false},"author":7,"featured_media":28207,"comment_status":"open","ping_status":"open","sticky":false,"template":"","format":"standard","meta":{"_acf_changed":false,"rank_math_lock_modified_date":false,"footnotes":""},"categories":[517],"tags":[87,318,1056,322,461,990,114,838,1371,41],"class_list":{"0":"post-28205","1":"post","2":"type-post","3":"status-publish","4":"format-standard","5":"has-post-thumbnail","7":"category-travesias","8":"tag-natacion","9":"tag-natacion-aguas-abiertas","10":"tag-radikal","11":"tag-radikal-swim","12":"tag-swim","13":"tag-swim-open-sea","14":"tag-travesia","15":"tag-travesias-2","16":"tag-travessa","17":"tag-ultraquim"},"acf":[],"_links":{"self":[{"href":"https:\/\/miurltemporal.com/main/triatletasenred.sport.es\/wp-json\/wp\/v2\/posts\/28205"}],"collection":[{"href":"https:\/\/miurltemporal.com/main/triatletasenred.sport.es\/wp-json\/wp\/v2\/posts"}],"about":[{"href":"https:\/\/miurltemporal.com/main/triatletasenred.sport.es\/wp-json\/wp\/v2\/types\/post"}],"author":[{"embeddable":true,"href":"https:\/\/miurltemporal.com/main/triatletasenred.sport.es\/wp-json\/wp\/v2\/users\/7"}],"replies":[{"embeddable":true,"href":"https:\/\/miurltemporal.com/main/triatletasenred.sport.es\/wp-json\/wp\/v2\/comments?post=28205"}],"version-history":[{"count":0,"href":"https:\/\/miurltemporal.com/main/triatletasenred.sport.es\/wp-json\/wp\/v2\/posts\/28205\/revisions"}],"wp:featuredmedia":[{"embeddable":true,"href":"https:\/\/miurltemporal.com/main/triatletasenred.sport.es\/wp-json\/wp\/v2\/media\/28207"}],"wp:attachment":[{"href":"https:\/\/miurltemporal.com/main/triatletasenred.sport.es\/wp-json\/wp\/v2\/media?parent=28205"}],"wp:term":[{"taxonomy":"category","embeddable":true,"href":"https:\/\/miurltemporal.com/main/triatletasenred.sport.es\/wp-json\/wp\/v2\/categories?post=28205"},{"taxonomy":"post_tag","embeddable":true,"href":"https:\/\/miurltemporal.com/main/triatletasenred.sport.es\/wp-json\/wp\/v2\/tags?post=28205"}],"curies":[{"name":"wp","href":"https:\/\/api.w.org\/{rel}","templated":true}]}}