{"id":28137,"date":"2014-10-13T19:38:58","date_gmt":"2014-10-13T17:38:58","guid":{"rendered":"http:\/\/triatletasenred.com\/?p=28137"},"modified":"2014-10-20T22:23:23","modified_gmt":"2014-10-20T20:23:23","slug":"javier-gomez-noya-ya-entrena-en-hawai","status":"publish","type":"post","link":"https:\/\/miurltemporal.com/main/triatletasenred.sport.es\/actualidad\/javier-gomez-noya-ya-entrena-en-hawai\/","title":{"rendered":"Javier G\u00f3mez Noya ya entrena en Haw\u00e1i"},"content":{"rendered":"<h5 style=\"text-align: justify;\">El triatleta espa\u00f1ol se fue a rodar por las carreteras haw\u00e1ianas un d\u00eda despu\u00e9s de que lo hicieran todos los participantes del Ironman de Kona. Su debut a\u00fan es una inc\u00f3gnita, pero podr\u00eda materializarse en 2017 tras los Juegos Ol\u00edmpicos de R\u00edo de Janeiro.<\/h5>\n<p style=\"text-align: justify;\">Que Javier G\u00f3mez Noya va a disputar el Ironman de Haw\u00e1i no es ninguna sorpresa. La duda es cu\u00e1ndo. El triatleta ferrolano ha manifestado en diversas ocasiones su ilusi\u00f3n por disputar la carrera m\u00e1s m\u00edtica del triatl\u00f3n y que se disputa en la meca de este deporte, Haw\u00e1i. &#8220;Por supuesto que me encantar\u00eda estar aqu\u00ed alg\u00fan d\u00eda para disputar la prueba\u201d dec\u00eda d\u00edas antes de la prueba. Durante la retransmisi\u00f3n de la prueba fue invitado al plat\u00f3 de la televisi\u00f3n, donde tambi\u00e9n se reafirm\u00f3 en su idea de competir en Haw\u00e1i m\u00e1s adelante.<\/p>\n<p style=\"text-align: justify;\">A\u00fan es pronto. El vigente campe\u00f3n del mundo de Ironman 70.3 est\u00e1 centrado en la distancia ol\u00edmpica con la vista puesta en los Juegos Ol\u00edmpicos de R\u00edo 2016. Eso s\u00ed, su estancia en Haw\u00e1i le ha dejado tiempo para rodar con su Specialized Shiv por las carreteras de la isla. Su sponsor, la marca de neoprenos Roka, colg\u00f3 unas im\u00e1genes donde se ve\u00eda a G\u00f3mez Noya exprimi\u00e9ndose encima de su bicicleta. Sin duda, ver al gallego en Kona compitiendo est\u00e1 m\u00e1s cerca.<\/p>\n<p style=\"text-align: justify;\">Foto: @rokasports<\/p>\n","protected":false},"excerpt":{"rendered":"<p>El triatleta espa\u00f1ol se fue a rodar por las carreteras haw\u00e1ianas un d\u00eda despu\u00e9s de que lo hicieran todos los participantes del Ironman de Kona. Su debut a\u00fan es una inc\u00f3gnita, pero podr\u00eda materializarse en 2017 tras los Juegos Ol\u00edmpicos de R\u00edo de Janeiro. Que Javier G\u00f3mez Noya va a disputar el Ironman de Haw\u00e1i [&hellip;]<\/p>\n","protected":false},"author":12,"featured_media":28212,"comment_status":"open","ping_status":"open","sticky":false,"template":"","format":"standard","meta":{"_acf_changed":false,"rank_math_lock_modified_date":false,"footnotes":""},"categories":[17,1191],"tags":[1398,404,819,2619,2583],"class_list":{"0":"post-28137","1":"post","2":"type-post","3":"status-publish","4":"format-standard","5":"has-post-thumbnail","7":"category-actualidad","8":"category-triatlon","9":"tag-hawai","10":"tag-ironman","11":"tag-javier-gomez-noya","12":"tag-roka","13":"tag-specialized"},"acf":[],"_links":{"self":[{"href":"https:\/\/miurltemporal.com/main/triatletasenred.sport.es\/wp-json\/wp\/v2\/posts\/28137"}],"collection":[{"href":"https:\/\/miurltemporal.com/main/triatletasenred.sport.es\/wp-json\/wp\/v2\/posts"}],"about":[{"href":"https:\/\/miurltemporal.com/main/triatletasenred.sport.es\/wp-json\/wp\/v2\/types\/post"}],"author":[{"embeddable":true,"href":"https:\/\/miurltemporal.com/main/triatletasenred.sport.es\/wp-json\/wp\/v2\/users\/12"}],"replies":[{"embeddable":true,"href":"https:\/\/miurltemporal.com/main/triatletasenred.sport.es\/wp-json\/wp\/v2\/comments?post=28137"}],"version-history":[{"count":0,"href":"https:\/\/miurltemporal.com/main/triatletasenred.sport.es\/wp-json\/wp\/v2\/posts\/28137\/revisions"}],"wp:featuredmedia":[{"embeddable":true,"href":"https:\/\/miurltemporal.com/main/triatletasenred.sport.es\/wp-json\/wp\/v2\/media\/28212"}],"wp:attachment":[{"href":"https:\/\/miurltemporal.com/main/triatletasenred.sport.es\/wp-json\/wp\/v2\/media?parent=28137"}],"wp:term":[{"taxonomy":"category","embeddable":true,"href":"https:\/\/miurltemporal.com/main/triatletasenred.sport.es\/wp-json\/wp\/v2\/categories?post=28137"},{"taxonomy":"post_tag","embeddable":true,"href":"https:\/\/miurltemporal.com/main/triatletasenred.sport.es\/wp-json\/wp\/v2\/tags?post=28137"}],"curies":[{"name":"wp","href":"https:\/\/api.w.org\/{rel}","templated":true}]}}