{"id":27911,"date":"2014-10-13T02:34:47","date_gmt":"2014-10-13T00:34:47","guid":{"rendered":"http:\/\/triatletasenred.com\/?p=27911"},"modified":"2014-11-03T00:32:54","modified_gmt":"2014-11-02T22:32:54","slug":"sebastian-kienle-se-proclama-campeon-del-mundo-ironman-en-hawai","status":"publish","type":"post","link":"https:\/\/miurltemporal.com/main/triatletasenred.sport.es\/competiciones\/triatlon\/sebastian-kienle-se-proclama-campeon-del-mundo-ironman-en-hawai\/","title":{"rendered":"Sebastian Kienle se proclama campe\u00f3n del mundo Ironman en Haw\u00e1i"},"content":{"rendered":"<h5 style=\"text-align: justify;\">El triatleta alem\u00e1n roz\u00f3 la perfecci\u00f3n durante las m\u00e1s de ocho horas de prueba para proclamarse campe\u00f3n del mundo Ironman 2014. La isla de Kona es especial y a pesar del calor y la humedad, el alem\u00e1n impuso su ritmo logrando as\u00ed el t\u00edtulo Ironman tras conseguir anteriormente el 70.3. Kienle se convierte en nuevo rey de la larga distancia.<\/h5>\n<p style=\"text-align: justify;\">Sebastian Kienle es el nuevo rey de la larga distancia. El alem\u00e1n complet\u00f3 un Ironman perfecto, dominando la carrera desde los primeros compases de la bicicleta. Kienle di\u00f3 caza a Starycowicz tras la fuga del americano y a partir de ese momento no abandon\u00f3 el primer puesto. Por detr\u00e1s, Van Lierde se manten\u00eda tras el alem\u00e1n pero no contactaba con \u00e9l. La marat\u00f3n fue un camino hacia el triunfo para Kienle, que empez\u00f3 fuert\u00edsimo y acab\u00f3 conquistando la gloria en meta.<\/p>\n<p style=\"text-align: justify;\">Kienle se proclama campe\u00f3n del mundo Ironman tras los t\u00edtulos en distancia 70.3 de 2012 y 2013. Ben Hoffman y Jan Frodeno completaron el podio.\u00a0Mal d\u00eda para los espa\u00f1oles, con abandonos de V\u00edctor del Corral y Eneko Llanos. Iv\u00e1n Ra\u00f1a lograba entrar en la decimos\u00e9ptima posici\u00f3n.<\/p>\n<p style=\"text-align: justify;\">En la rueda de prensa posterior a la prueba, el alem\u00e1n Sebastian Kienle ha comentado que &#8220;una parte importante de destacar y hacerlo bien en tu deporte es creyendo en ti mismo y en tus habilidades&#8221;. Kienle se ha mostrado euf\u00f3rico con el t\u00edtulo. Por su parte, Jan Frodeno ha destacado que &#8220;para ser leyenda en Kona hay que merecerlo y que el lugar no miente&#8221;.<\/p>\n<p style=\"text-align: justify;\">En categor\u00eda femenina, la australiana Miranda Carfrae se ha proclamado campeona del mundo Ironman por tercera vez. Carfrae super\u00f3 a Daniela Ryf en los \u00faltimos kil\u00f3metros de la marat\u00f3n, despu\u00e9s de ir toda la carrera a remolque de Ryf, que debutaba en la prueba reina del triatl\u00f3n de larga distancia.<\/p>\n<p style=\"text-align: justify;\">Foto: Ironman Kona<\/p>\n","protected":false},"excerpt":{"rendered":"<p>El triatleta alem\u00e1n roz\u00f3 la perfecci\u00f3n durante las m\u00e1s de ocho horas de prueba para proclamarse campe\u00f3n del mundo Ironman 2014. La isla de Kona es especial y a pesar del calor y la humedad, el alem\u00e1n impuso su ritmo logrando as\u00ed el t\u00edtulo Ironman tras conseguir anteriormente el 70.3. Kienle se convierte en nuevo [&hellip;]<\/p>\n","protected":false},"author":12,"featured_media":27875,"comment_status":"open","ping_status":"open","sticky":false,"template":"","format":"standard","meta":{"_acf_changed":false,"rank_math_lock_modified_date":false,"footnotes":""},"categories":[1191],"tags":[404,2258,372,923,24],"class_list":{"0":"post-27911","1":"post","2":"type-post","3":"status-publish","4":"format-standard","5":"has-post-thumbnail","7":"category-triatlon","8":"tag-ironman","9":"tag-kienle","10":"tag-kona","11":"tag-triathlon","12":"tag-triatlon"},"acf":[],"_links":{"self":[{"href":"https:\/\/miurltemporal.com/main/triatletasenred.sport.es\/wp-json\/wp\/v2\/posts\/27911"}],"collection":[{"href":"https:\/\/miurltemporal.com/main/triatletasenred.sport.es\/wp-json\/wp\/v2\/posts"}],"about":[{"href":"https:\/\/miurltemporal.com/main/triatletasenred.sport.es\/wp-json\/wp\/v2\/types\/post"}],"author":[{"embeddable":true,"href":"https:\/\/miurltemporal.com/main/triatletasenred.sport.es\/wp-json\/wp\/v2\/users\/12"}],"replies":[{"embeddable":true,"href":"https:\/\/miurltemporal.com/main/triatletasenred.sport.es\/wp-json\/wp\/v2\/comments?post=27911"}],"version-history":[{"count":0,"href":"https:\/\/miurltemporal.com/main/triatletasenred.sport.es\/wp-json\/wp\/v2\/posts\/27911\/revisions"}],"wp:featuredmedia":[{"embeddable":true,"href":"https:\/\/miurltemporal.com/main/triatletasenred.sport.es\/wp-json\/wp\/v2\/media\/27875"}],"wp:attachment":[{"href":"https:\/\/miurltemporal.com/main/triatletasenred.sport.es\/wp-json\/wp\/v2\/media?parent=27911"}],"wp:term":[{"taxonomy":"category","embeddable":true,"href":"https:\/\/miurltemporal.com/main/triatletasenred.sport.es\/wp-json\/wp\/v2\/categories?post=27911"},{"taxonomy":"post_tag","embeddable":true,"href":"https:\/\/miurltemporal.com/main/triatletasenred.sport.es\/wp-json\/wp\/v2\/tags?post=27911"}],"curies":[{"name":"wp","href":"https:\/\/api.w.org\/{rel}","templated":true}]}}