{"id":27197,"date":"2014-09-21T21:55:39","date_gmt":"2014-09-21T19:55:39","guid":{"rendered":"http:\/\/triatletasenred.com\/?p=27197"},"modified":"2016-05-05T11:25:17","modified_gmt":"2016-05-05T09:25:17","slug":"jordi-matos-mejor-espanol-no-profesional-en-kona-2013-vuelve-a-hawaii","status":"publish","type":"post","link":"https:\/\/miurltemporal.com/main/triatletasenred.sport.es\/en-red\/jordi-matos-mejor-espanol-no-profesional-en-kona-2013-vuelve-a-hawaii\/","title":{"rendered":"[VIDEO] Jordi Matos, mejor espa\u00f1ol no profesional en Kona 2013, vuelve a Hawaii."},"content":{"rendered":"<p style=\"text-align: justify;\">Jordi Matos fue el espa\u00f1ol NO profesional mejor clasificado en la edici\u00f3n 2013 de la meca de la franquicia Ironman y ya paso por el set de entrevistas en su momento .<a href=\"https:\/\/miurltemporal.com/main/triatletasenred.sport.es\/entrevistas\/jordi-matos-queria-acabar-la-carrera-de-dia-y-sin-agonizar\/#!prettyPhoto\" target=\"_blank\"> (Puedes recordarla AQU\u00cd)<\/a><\/p>\n<p style=\"text-align: justify;\">Este a\u00f1o repite la experiencia tras su segunda clasificaci\u00f3n consecutiva para este World Championishim Ironman Hawaii que encara con optimismo tras un tercer meritorio lugar en el reciente Extreme Man Menorca 2014.<\/p>\n<p style=\"text-align: justify;\">Os dejamos este peque\u00f1o clip a forma de entrevista semanas antes de volver a Kona, con ustedes, : Jordi Matos<\/p>\n<p style=\"text-align: justify;\">[youtube id=&#8221;JjLTV8UuqDk&#8221; width=&#8221;620&#8243; height=&#8221;360&#8243;]<\/p>\n","protected":false},"excerpt":{"rendered":"<p>Jordi Matos fue el espa\u00f1ol NO profesional mejor clasificado en la edici\u00f3n 2013 de la meca de la franquicia Ironman y ya paso por el set de entrevistas en su momento . (Puedes recordarla AQU\u00cd) Este a\u00f1o repite la experiencia tras su segunda clasificaci\u00f3n consecutiva para este World Championishim Ironman Hawaii que encara con optimismo [&hellip;]<\/p>\n","protected":false},"author":12,"featured_media":27248,"comment_status":"open","ping_status":"open","sticky":false,"template":"","format":"standard","meta":{"_acf_changed":false,"rank_math_lock_modified_date":false,"footnotes":""},"categories":[16],"tags":[1398,404,1395,372,1044,24],"class_list":{"0":"post-27197","1":"post","2":"type-post","3":"status-publish","4":"format-standard","5":"has-post-thumbnail","7":"category-en-red","8":"tag-hawai","9":"tag-ironman","10":"tag-jordi-matos","11":"tag-kona","12":"tag-larga-distancia","13":"tag-triatlon"},"acf":[],"_links":{"self":[{"href":"https:\/\/miurltemporal.com/main/triatletasenred.sport.es\/wp-json\/wp\/v2\/posts\/27197"}],"collection":[{"href":"https:\/\/miurltemporal.com/main/triatletasenred.sport.es\/wp-json\/wp\/v2\/posts"}],"about":[{"href":"https:\/\/miurltemporal.com/main/triatletasenred.sport.es\/wp-json\/wp\/v2\/types\/post"}],"author":[{"embeddable":true,"href":"https:\/\/miurltemporal.com/main/triatletasenred.sport.es\/wp-json\/wp\/v2\/users\/12"}],"replies":[{"embeddable":true,"href":"https:\/\/miurltemporal.com/main/triatletasenred.sport.es\/wp-json\/wp\/v2\/comments?post=27197"}],"version-history":[{"count":0,"href":"https:\/\/miurltemporal.com/main/triatletasenred.sport.es\/wp-json\/wp\/v2\/posts\/27197\/revisions"}],"wp:featuredmedia":[{"embeddable":true,"href":"https:\/\/miurltemporal.com/main/triatletasenred.sport.es\/wp-json\/wp\/v2\/media\/27248"}],"wp:attachment":[{"href":"https:\/\/miurltemporal.com/main/triatletasenred.sport.es\/wp-json\/wp\/v2\/media?parent=27197"}],"wp:term":[{"taxonomy":"category","embeddable":true,"href":"https:\/\/miurltemporal.com/main/triatletasenred.sport.es\/wp-json\/wp\/v2\/categories?post=27197"},{"taxonomy":"post_tag","embeddable":true,"href":"https:\/\/miurltemporal.com/main/triatletasenred.sport.es\/wp-json\/wp\/v2\/tags?post=27197"}],"curies":[{"name":"wp","href":"https:\/\/api.w.org\/{rel}","templated":true}]}}