{"id":26977,"date":"2014-09-14T20:29:39","date_gmt":"2014-09-14T18:29:39","guid":{"rendered":"http:\/\/triatletasenred.com\/?p=26977"},"modified":"2014-09-19T22:31:06","modified_gmt":"2014-09-19T20:31:06","slug":"uxio-abuin-y-miriam-casillas-se-coronan-en-aguilas","status":"publish","type":"post","link":"https:\/\/miurltemporal.com/main/triatletasenred.sport.es\/actualidad\/uxio-abuin-y-miriam-casillas-se-coronan-en-aguilas\/","title":{"rendered":"Ux\u00edo Abu\u00edn y Miriam Casillas se coronan en \u00c1guilas"},"content":{"rendered":"<h5 style=\"text-align: justify;\">El gallego Ux\u00edo Abu\u00edn y la extreme\u00f1a Miriam Casillas se proclamaron este s\u00e1bado campeones de Espa\u00f1a de triatl\u00f3n en distancia ol\u00edmpica. La localidad de \u00c1guilas volvi\u00f3 a ser una vez m\u00e1s el punto de miradas del panorama triatl\u00e9tico con la celebraci\u00f3n de una de las pruebas m\u00e1s importantes a nivel nacional. Jes\u00fas Gomar no pudo revalidar el t\u00edtulo nacional en una jornada donde el calor pas\u00f3 mucha factura a los participantes.<\/h5>\n<p style=\"text-align: justify;\"><img decoding=\"async\" class=\"aligncenter\" src=\"https:\/\/dl.dropboxusercontent.com\/u\/31969244\/ATRIENRED\/fotos%20TER\/pablo.jpg\" alt=\"\" \/><\/p>\n<p style=\"text-align: justify;\">Se acerca el final de temporada y se definen las \u00faltimas competiciones nacionales. Ux\u00edo Abuin y Miriam Casillas se han proclamado este s\u00e1bado campeones de Espa\u00f1a de triatl\u00f3n en distancia ol\u00edmpica en la localidad murciana de \u00c1guilas. El gallego obtuvo la victoria tras una carrera a pie apretada con su compatriota Pablo Dapena. Miriam Casillas, por su parte, venci\u00f3 tras disputar tambi\u00e9n la carrera a pie con su compa\u00f1era del Triatl\u00f3n Ferrol, Tamara G\u00f3mez.<\/p>\n<p style=\"text-align: justify;\">En categor\u00eda masculina, la victoria fue para Ux\u00edo Abuin (A. D. Tri-Pentas Terras de Lugo). El triatleta gallego no llegaba con las mejores sensaciones y catalog\u00f3 la victoria de &#8220;sorpresa&#8221; tras lanzar un ataque a Pablo Dapena a falta de 300 metros para la l\u00ednea de meta. Abuin estuvo en cabeza desde la nataci\u00f3n, saliendo a escasos segundos de V\u00edctor Benages y Guillem Rojas, que comandaron el sector a nado en cabeza.<\/p>\n<p style=\"text-align: justify;\">Una vez encima de la bicicleta se form\u00f3 un grupo de doce triatletas, entre los que estaban Ux\u00edo Abuin, Pablo Dapena, David Castro, Rodrigo Torres y Ricardo Hern\u00e1ndez, entre otros. El triatleta de la Roda perdi\u00f3 el contacto con el grupo tras sufrir un pinchazo. Castro perd\u00eda sus opciones de victoria a un Campeonato de Espa\u00f1a al que llegaba como favorito tras completar una gran temporada. El grupo de once triatletas llegaba a la T2 agrupados para arrancar una carrera a pie que se promet\u00eda emocionante.<\/p>\n<p style=\"text-align: justify;\">Desde el inicio de la carrera a pie Antonio Benito, Pablo Dapena y Ux\u00edo Abuin marcaron un ritmo muy fuerte que les distanci\u00f3 del resto del grupo. Benito (Nutrifitness Triatl\u00f3n Albacete) se descolgaba a falta de la vuelta y la lucha por el t\u00edtulo iba a ser gallega. Pablo Dapena no podr\u00eda responder al ataque de Abuin y a falta de 300 metros el triatleta del A. D. Tri-Pentas Terras de Lugo se coronaba como campe\u00f3n de Espa\u00f1a de triatl\u00f3n en distancia ol\u00edmpica. Abuin tambi\u00e9n iba a coronarse como campe\u00f3n en la categor\u00eda sub23, acompa\u00f1ado de Antonio Benito y Lucas Mola en el podio. El gallego consigue as\u00ed rehacerse tras no poder acudir al Campeonato del Mundo de Triatl\u00f3n sub23 que se celebr\u00f3 en Edmonton la primera semana de septiembre.<\/p>\n<p style=\"text-align: justify;\">Por su parte, Aguilas coron\u00f3 en categor\u00eda femenina a Miriam Casillas (Triatl\u00f3n Ferrol) como campeona de Espa\u00f1a de Triatl\u00f3n. La extreme\u00f1a consigui\u00f3 de esta manera completar con \u00e9xito los t\u00edtulos nacionales de duatl\u00f3n y triatl\u00f3n. Casillas disput\u00f3 el t\u00edtulo con su compa\u00f1era de equipo Tamara G\u00f3mez, que tras un a\u00f1o marcado por las lesiones, acababa coron\u00e1ndose como subcampeona de Espa\u00f1a de triatl\u00f3n.<\/p>\n<p style=\"text-align: justify;\">La nataci\u00f3n, disputada en la Playa de las Delicias, llev\u00f3 al liderazgo a Sara P\u00e9rez, que se march\u00f3 en solitario en el tramo de ciclismo tras completar una transici\u00f3n muy r\u00e1pida. Tras ella, Casillas, G\u00f3mez, melina Alonso y Laura G\u00f3mez integraban un grupo de diez triatletas que se lanzaban a la persecuci\u00f3n de Sara P\u00e9rez. El pelot\u00f3n de diez triatletas se fusionaria con un grupo perseguidor de seis triatletas y alcanzar\u00edan a Sara P\u00e9rez a falta de dos vueltas. La carrera a pie dictar\u00eda sentencia. Y fue entonces cuando Miriam Casillas y Tamara G\u00f3mez empezaron a marcar un ritmo m\u00e1s elevado que les llevar\u00eda a la lucha por la victoria. Finalmente ser\u00eda la extreme\u00f1a la que se proclamar\u00eda campeona de Espa\u00f1a, superando a su compa\u00f1era de equipo, Tamara G\u00f3mez. Sara Bonilla completar\u00eda el podio.<\/p>\n<p style=\"text-align: justify;\">La victoria en \u00c1guilas ha supuesto un final de temporada excelente para Miriam Casillas, que se coron\u00f3 como campeona de Espa\u00f1a de duatl\u00f3n en abril y que ahora hace lo propio en triatl\u00f3n. Adem\u00e1s, logr\u00f3 en Pontevedra el subcampeonato del Mundo de duatl\u00f3n.<\/p>\n<p style=\"text-align: justify;\"><a class=\"vc_btn vc_btn-orange vc_btn-sm vc_btn_square \" href=\"https:\/\/twitter.com\/PabloBoschG\" rel=\"nofollow noopener\" target=\"_blank\">@PabloBoschG<\/a><\/p>\n<p style=\"text-align: justify;\">Foto: Yeray Men\u00e9ndez<\/p>\n","protected":false},"excerpt":{"rendered":"<p>El gallego Ux\u00edo Abu\u00edn y la extreme\u00f1a Miriam Casillas se proclamaron este s\u00e1bado campeones de Espa\u00f1a de triatl\u00f3n en distancia ol\u00edmpica. La localidad de \u00c1guilas volvi\u00f3 a ser una vez m\u00e1s el punto de miradas del panorama triatl\u00e9tico con la celebraci\u00f3n de una de las pruebas m\u00e1s importantes a nivel nacional. Jes\u00fas Gomar no pudo [&hellip;]<\/p>\n","protected":false},"author":12,"featured_media":27015,"comment_status":"open","ping_status":"open","sticky":false,"template":"","format":"standard","meta":{"_acf_changed":false,"rank_math_lock_modified_date":false,"footnotes":""},"categories":[17,1191],"tags":[1988,565,1967,1225,2483,2482,923,24,2197],"class_list":{"0":"post-26977","1":"post","2":"type-post","3":"status-publish","4":"format-standard","5":"has-post-thumbnail","7":"category-actualidad","9":"tag-campeonato-de-espana","10":"tag-fetri","11":"tag-miriam-casillas","12":"tag-pablo-bosch","13":"tag-pablo-dapena","14":"tag-tamara-gomez","15":"tag-triathlon","16":"tag-triatlon","17":"tag-uxio-abuin"},"acf":[],"_links":{"self":[{"href":"https:\/\/miurltemporal.com/main/triatletasenred.sport.es\/wp-json\/wp\/v2\/posts\/26977"}],"collection":[{"href":"https:\/\/miurltemporal.com/main/triatletasenred.sport.es\/wp-json\/wp\/v2\/posts"}],"about":[{"href":"https:\/\/miurltemporal.com/main/triatletasenred.sport.es\/wp-json\/wp\/v2\/types\/post"}],"author":[{"embeddable":true,"href":"https:\/\/miurltemporal.com/main/triatletasenred.sport.es\/wp-json\/wp\/v2\/users\/12"}],"replies":[{"embeddable":true,"href":"https:\/\/miurltemporal.com/main/triatletasenred.sport.es\/wp-json\/wp\/v2\/comments?post=26977"}],"version-history":[{"count":0,"href":"https:\/\/miurltemporal.com/main/triatletasenred.sport.es\/wp-json\/wp\/v2\/posts\/26977\/revisions"}],"wp:featuredmedia":[{"embeddable":true,"href":"https:\/\/miurltemporal.com/main/triatletasenred.sport.es\/wp-json\/wp\/v2\/media\/27015"}],"wp:attachment":[{"href":"https:\/\/miurltemporal.com/main/triatletasenred.sport.es\/wp-json\/wp\/v2\/media?parent=26977"}],"wp:term":[{"taxonomy":"category","embeddable":true,"href":"https:\/\/miurltemporal.com/main/triatletasenred.sport.es\/wp-json\/wp\/v2\/categories?post=26977"},{"taxonomy":"post_tag","embeddable":true,"href":"https:\/\/miurltemporal.com/main/triatletasenred.sport.es\/wp-json\/wp\/v2\/tags?post=26977"}],"curies":[{"name":"wp","href":"https:\/\/api.w.org\/{rel}","templated":true}]}}