{"id":26958,"date":"2014-09-13T01:50:24","date_gmt":"2014-09-12T23:50:24","guid":{"rendered":"http:\/\/triatletasenred.com\/?p=26958"},"modified":"2016-03-08T15:15:20","modified_gmt":"2016-03-08T13:15:20","slug":"javier-gomez-noya-nominado-a-los-premios-laureus","status":"publish","type":"post","link":"https:\/\/miurltemporal.com/main/triatletasenred.sport.es\/en-red\/javier-gomez-noya-nominado-a-los-premios-laureus\/","title":{"rendered":"Javier Gomez Noya nominado a los Premios Laureus"},"content":{"rendered":"<h5 style=\"text-align: justify;\">El triatleta gallego ha sido nominado a los Premios Laureus Sport como mejor deportista del a\u00f1o tras la consecuci\u00f3n de los dos t\u00edtulos mundiales en Edmonton y Mont-Tremblant. Adem\u00e1s, con su cuarto t\u00edtulo mundial en distancia ol\u00edmpica, el espa\u00f1ol ha igualado los t\u00edtulos del brit\u00e1nico Simon Lessing. Un reconocimiento m\u00e1s que merecido.<\/h5>\n<p style=\"text-align: justify;\">Nominaciones y m\u00e1s nominaciones. Javier G\u00f3mez Noya sigue cosechando \u00e9xitos tras su cuarto t\u00edtulo mundial de triatl\u00f3n en distancia ol\u00edmpica. El espa\u00f1ol ha sido nominado esta semana para optar al premio Laureus Sport como mejor deportista del a\u00f1o tras conquistar su cuarto t\u00edtulo mundial de triatl\u00f3n ITU. El techo de Gomez Noya parece no existir y a sus 31 a\u00f1os, Javier G\u00f3mez Noya se ha convertido en una leyenda del triatl\u00f3n.<\/p>\n<p style=\"text-align: justify;\">Pero estos no son los premios que le dicen m\u00e1s al triatleta gallego. En\u00a0la entrevista que Javier G\u00f3mez Noya concedi\u00f3 a Triatletas en Red tras competir en la Serie Mundial de Hamburgo mostraba el agradecimiento por este tipo de premios pero afirmaba que no le quitaban el sue\u00f1o. Del Premio Pr\u00edncipe de Asturias, para el que fue nominado en 2013 y 2014, el gallego afirmaba que &#8220;es un premio muy prestigioso pero a mi personalmente no me dice demasiado. Me gusta competir. Este tipo de premios te los da un jurado que no conoce a fondo tu trayectoria deportiva, ni la m\u00eda ni la de otros. Es algo en lo que yo no puedo influir directamente&#8221;.<\/p>\n<p style=\"text-align: justify;\">Por otro lado, en la misma entrevista, Gomez Noya explicaba que &#8220;en cambio, en una carrera sabes que si cruzas primero la l\u00ednea de meta te dan la medalla de oro. No me quita el sue\u00f1o ni lo pienso demasiado. Por supuesto soy muy agradecido con todos los premios que me dan y valoro mucho que se acuerden de mi, pero no me preocupa demasiado&#8221;. El del Laureus Sport ser\u00eda uno de esos grandes premios que premian una trayectoria brillante que sigue en activo.<\/p>\n<p style=\"text-align: justify;\">El ferrolano compite este fin de semana en el Bejing Triathlon, donde ya se impuso en la edici\u00f3n 2013, y cerrar\u00e1 la temporada en el Garmin Barcelona Triathlon del pr\u00f3ximo 5 de octubre en la ciudad condal.<\/p>\n<p style=\"text-align: justify;\">Foto: ITU Media<\/p>\n","protected":false},"excerpt":{"rendered":"<p>El triatleta gallego ha sido nominado a los Premios Laureus Sport como mejor deportista del a\u00f1o tras la consecuci\u00f3n de los dos t\u00edtulos mundiales en Edmonton y Mont-Tremblant. Adem\u00e1s, con su cuarto t\u00edtulo mundial en distancia ol\u00edmpica, el espa\u00f1ol ha igualado los t\u00edtulos del brit\u00e1nico Simon Lessing. Un reconocimiento m\u00e1s que merecido. Nominaciones y m\u00e1s [&hellip;]<\/p>\n","protected":false},"author":12,"featured_media":26961,"comment_status":"open","ping_status":"open","sticky":false,"template":"","format":"standard","meta":{"_acf_changed":false,"rank_math_lock_modified_date":false,"footnotes":""},"categories":[17,16],"tags":[930,819,2474,2475,923,24,2004],"class_list":{"0":"post-26958","1":"post","2":"type-post","3":"status-publish","4":"format-standard","5":"has-post-thumbnail","7":"category-actualidad","8":"category-en-red","9":"tag-itu","10":"tag-javier-gomez-noya","11":"tag-laureus","12":"tag-premio","13":"tag-triathlon","14":"tag-triatlon","15":"tag-world-triathlon-series-mundiales"},"acf":[],"_links":{"self":[{"href":"https:\/\/miurltemporal.com/main/triatletasenred.sport.es\/wp-json\/wp\/v2\/posts\/26958"}],"collection":[{"href":"https:\/\/miurltemporal.com/main/triatletasenred.sport.es\/wp-json\/wp\/v2\/posts"}],"about":[{"href":"https:\/\/miurltemporal.com/main/triatletasenred.sport.es\/wp-json\/wp\/v2\/types\/post"}],"author":[{"embeddable":true,"href":"https:\/\/miurltemporal.com/main/triatletasenred.sport.es\/wp-json\/wp\/v2\/users\/12"}],"replies":[{"embeddable":true,"href":"https:\/\/miurltemporal.com/main/triatletasenred.sport.es\/wp-json\/wp\/v2\/comments?post=26958"}],"version-history":[{"count":0,"href":"https:\/\/miurltemporal.com/main/triatletasenred.sport.es\/wp-json\/wp\/v2\/posts\/26958\/revisions"}],"wp:featuredmedia":[{"embeddable":true,"href":"https:\/\/miurltemporal.com/main/triatletasenred.sport.es\/wp-json\/wp\/v2\/media\/26961"}],"wp:attachment":[{"href":"https:\/\/miurltemporal.com/main/triatletasenred.sport.es\/wp-json\/wp\/v2\/media?parent=26958"}],"wp:term":[{"taxonomy":"category","embeddable":true,"href":"https:\/\/miurltemporal.com/main/triatletasenred.sport.es\/wp-json\/wp\/v2\/categories?post=26958"},{"taxonomy":"post_tag","embeddable":true,"href":"https:\/\/miurltemporal.com/main/triatletasenred.sport.es\/wp-json\/wp\/v2\/tags?post=26958"}],"curies":[{"name":"wp","href":"https:\/\/api.w.org\/{rel}","templated":true}]}}