{"id":26878,"date":"2014-09-10T07:09:13","date_gmt":"2014-09-10T05:09:13","guid":{"rendered":"http:\/\/triatletasenred.com\/?p=26878"},"modified":"2016-02-26T15:52:06","modified_gmt":"2016-02-26T13:52:06","slug":"cronica-desde-el-dorsal-extreme-man-narbonne","status":"publish","type":"post","link":"https:\/\/miurltemporal.com/main/triatletasenred.sport.es\/competiciones\/triatlon\/cronica-desde-el-dorsal-extreme-man-narbonne\/","title":{"rendered":"Cr\u00f3nica desde el dorsal: Extreme Man Narbonne"},"content":{"rendered":"<h5 style=\"text-align: justify;\">La pen\u00faltima cita de la franquicia Extreme Man dej\u00f3 a muchos de los participantes la sensaci\u00f3n de que es una prueba mejorable en muchos aspectos. Insegura en el tramo de ciclismo, escasa de servicios al cruzar la meta y con falta de miembros de la organizaci\u00f3n, Narbone debe cambiar. En definitiva, una prueba que a pesar de que tiene detalles para pulir, es acertada para competir.<\/h5>\n<p><img fetchpriority=\"high\" decoding=\"async\" class=\"alignnone\" src=\"https:\/\/dl.dropboxusercontent.com\/u\/3879676\/triATLETAS\/imatges\/colaboradores\/Banners\/trejoter.jpg\" alt=\"\" width=\"557\" height=\"103\" \/><\/p>\n<p style=\"text-align: justify;\">Como centro de operaciones utilizamos el Hotel Oasis situado a escasos 100mts de la salida, no esper\u00e9is grandes lujos pero no es caro y cumple de sobras con las necesidades log\u00edsticas, guardar los trastos, dormir y ducharse.<\/p>\n<p style=\"text-align: justify;\">S\u00e1bado a partir de las 14h recogida de dorsales y a las 17:30 brieffing, todo de lujo y nada a destacar hasta el momento, todo aparentemente perfecto, solo algo de dudas de c\u00f3mo ser\u00e1 el trafico abierto, se empieza a palpar en el ambiente que no ser\u00e1 todo lo maravilloso que demuestra en sus explicaciones la organizaci\u00f3n, por otro lado no dejamos de mirar las banderas ya que el aire tan caracter\u00edstico de la zona empieza a hacer acto de presencia y esto es preocupante ya que cuando aqu\u00ed sopla lo hace de verdad.<\/p>\n<p style=\"text-align: justify;\">Domingo 7.30 en pie, poco viento por el momento pero al llevar la vista al horizonte es cuando aparecen los problemas, una niebla espesa est\u00e1 cubriendo toda la costa, desde boxes no se ve el mar y eso que estamos a 75mts, la organizaci\u00f3n explica que si en breve no desaparece es posible que se deba suspender el sector de nataci\u00f3n aunque la verdad que parecen esperanzados en que la niebla se levante ya que seg\u00fan nos indican es algo habitual y la verdad que acertaron, \u00a0las boyas se ve\u00edan sin problema a la hora prevista, 9.30 da inicio la prueba.<\/p>\n<p style=\"text-align: justify;\">La nataci\u00f3n se lleva a cabo sin problemas, 2 vueltas una de 1000mts pie a tierra y otra de 900mts, T1 sin contratiempos y toca pedalear, en este sector fue donde creo que pod\u00edan haber ocurrido desgracias, desastroso y peligroso el hecho de transitar con trafico abierto por tramos de carretera sin arc\u00e9n y donde esta, a duras penas ten\u00eda un ancho de carril de 3mts,sinceramente yo pase algo de miedo en alg\u00fan tramo de la misma, el 1,5mts de respeto al ciclista creo que tampoco es algo que tengan muy en cuenta los conductores franceses, en este segmento sin duda un suspenso grande para la organizaci\u00f3n adem\u00e1s para acabarlo de adornar al inicio de la segunda vuelta el viento hace acto de presencia y ya no nos abandonar\u00e1 hasta la T2, por suerte no lo hace de manera muy violenta.<\/p>\n<p style=\"text-align: justify;\">Transici\u00f3n sin problemas y a por el sector que m\u00e1s me gusta, la carrera a pie, la verdad que la bici no me ha ido mal y decido darle un poco de ca\u00f1a al asunto porque me veo con buenas piernas, al inicio de la segunda vuelta un sobresalto que me deja un poco tocado, mi hermano de sangre, Jordi Miranda, <a href=\"https:\/\/twitter.com\/jojumi87\" target=\"_blank\" rel=\"nofollow noopener\">@jojumi87<\/a> tiene que abandonar por un dolor abdominal, m\u00e1s tarde el diagn\u00f3stico indica desgarro intercostal, los kms pasan y pasan y a la que me quiero dar cuenta ya estoy IN, l\u00ednea de meta y 4h45min para cubrir la distancia, foto, camiseta y medalla, \u00bfmedalla? No, no hay, la verdad que a m\u00ed no me importa, pero para quien completa su primer \u201cFINISHER\u201d y se queda sin este recuerdo, puedo entender que se sienta molesto, este podr\u00eda ser otro punto negativo.<\/p>\n<p style=\"text-align: justify;\">Una vez concluida la prueba me dirijo a la zona del triatleta y aqu\u00ed s\u00ed que no se puede fallar, pero la organizaci\u00f3n lo hace, alimentaci\u00f3n escasa, bebida caliente, no hay hielo, nadie que te ayude, en fin, un desprop\u00f3sito, agradecer a las pocas personas de staff que all\u00ed estaban el c\u00f3mo se volcaron con nosotros, pero evidentemente los medios eran los que eran y no se pod\u00eda hacer m\u00e1s. Emprendemos el regreso a casa con la sensaci\u00f3n de haber participado en una prueba que creemos mejorable.<\/p>\n","protected":false},"excerpt":{"rendered":"<p>La pen\u00faltima cita de la franquicia Extreme Man dej\u00f3 a muchos de los participantes la sensaci\u00f3n de que es una prueba mejorable en muchos aspectos. Insegura en el tramo de ciclismo, escasa de servicios al cruzar la meta y con falta de miembros de la organizaci\u00f3n, Narbone debe cambiar. En definitiva, una prueba que a [&hellip;]<\/p>\n","protected":false},"author":18,"featured_media":26881,"comment_status":"open","ping_status":"open","sticky":false,"template":"","format":"standard","meta":{"_acf_changed":false,"rank_math_lock_modified_date":false,"footnotes":""},"categories":[1191],"tags":[1814,1681,180,115,1036,1000,24],"class_list":{"0":"post-26878","1":"post","2":"type-post","3":"status-publish","4":"format-standard","5":"has-post-thumbnail","7":"category-triatlon","8":"tag-cronica-desde-el-dorsal","9":"tag-dorsal","10":"tag-extreme-man","11":"tag-jose-trejo","12":"tag-narbonne","13":"tag-tri","14":"tag-triatlon"},"acf":[],"_links":{"self":[{"href":"https:\/\/miurltemporal.com/main/triatletasenred.sport.es\/wp-json\/wp\/v2\/posts\/26878"}],"collection":[{"href":"https:\/\/miurltemporal.com/main/triatletasenred.sport.es\/wp-json\/wp\/v2\/posts"}],"about":[{"href":"https:\/\/miurltemporal.com/main/triatletasenred.sport.es\/wp-json\/wp\/v2\/types\/post"}],"author":[{"embeddable":true,"href":"https:\/\/miurltemporal.com/main/triatletasenred.sport.es\/wp-json\/wp\/v2\/users\/18"}],"replies":[{"embeddable":true,"href":"https:\/\/miurltemporal.com/main/triatletasenred.sport.es\/wp-json\/wp\/v2\/comments?post=26878"}],"version-history":[{"count":0,"href":"https:\/\/miurltemporal.com/main/triatletasenred.sport.es\/wp-json\/wp\/v2\/posts\/26878\/revisions"}],"wp:featuredmedia":[{"embeddable":true,"href":"https:\/\/miurltemporal.com/main/triatletasenred.sport.es\/wp-json\/wp\/v2\/media\/26881"}],"wp:attachment":[{"href":"https:\/\/miurltemporal.com/main/triatletasenred.sport.es\/wp-json\/wp\/v2\/media?parent=26878"}],"wp:term":[{"taxonomy":"category","embeddable":true,"href":"https:\/\/miurltemporal.com/main/triatletasenred.sport.es\/wp-json\/wp\/v2\/categories?post=26878"},{"taxonomy":"post_tag","embeddable":true,"href":"https:\/\/miurltemporal.com/main/triatletasenred.sport.es\/wp-json\/wp\/v2\/tags?post=26878"}],"curies":[{"name":"wp","href":"https:\/\/api.w.org\/{rel}","templated":true}]}}