{"id":26763,"date":"2014-09-08T06:41:53","date_gmt":"2014-09-08T04:41:53","guid":{"rendered":"http:\/\/triatletasenred.com\/?p=26763"},"modified":"2014-09-17T07:08:56","modified_gmt":"2014-09-17T05:08:56","slug":"javier-gomez-noya-se-proclama-campeon-del-mundo-ironman-70-3-en-mont-tremblant","status":"publish","type":"post","link":"https:\/\/miurltemporal.com/main/triatletasenred.sport.es\/actualidad\/javier-gomez-noya-se-proclama-campeon-del-mundo-ironman-70-3-en-mont-tremblant\/","title":{"rendered":"Javier G\u00f3mez Noya se proclama campe\u00f3n del mundo Ironman 70.3 en Mont-Tremblant"},"content":{"rendered":"<h5 style=\"text-align: justify;\">Sigue la leyenda. Una semana despu\u00e9s, a\u00fan m\u00e1s grande. Javier G\u00f3mez Noya ha conseguido este domingo proclamarse campe\u00f3n del mundo de Ironman 70.3. Lo ha hecho en Mont-Tremblant (Canad\u00e1), derrotando a pesos pesados de la distancia como Jan Frodeno o Sebastian Kienle. El ferrolano, con el triatl\u00f3n a sus pies. Albert Moreno cruz\u00f3 la meta decimoquinto.<\/h5>\n<p style=\"text-align: justify;\"><img decoding=\"async\" class=\"aligncenter\" src=\"https:\/\/dl.dropboxusercontent.com\/u\/31969244\/ATRIENRED\/fotos%20TER\/pablo.jpg\" alt=\"\" \/><\/p>\n<p style=\"text-align: justify;\">La generaci\u00f3n m\u00e1s dorada del triatl\u00f3n nacional tiene un nombre propio. Es gallego y se llama Javier G\u00f3mez Noya. Hace una semana levantaba el t\u00edtulo de campe\u00f3n de las Series Mundiales de la ITU. Hoy es el nuevo campe\u00f3n del mundo Ironman 70.3. En una carrera que ha dominado de inicio a fin, el ferrolano se ha impuesto en la que ha sido su tercera participaci\u00f3n en una prueba de media distancia, donde cuenta con pleno de victorias.<\/p>\n<p style=\"text-align: justify;\">G\u00f3mez Noya sal\u00eda primero de la nataci\u00f3n, con Jan Frodeno segundo. El alem\u00e1n no se ha separado ni un instante del triatleta espa\u00f1ol. Juntos han arrancado el sector de ciclismo, que discurr\u00eda por zonas boscosas y con tramos de pendientes pronunciadas. Sebastian Kienle, uno de los favoritos a la victoria, no ha estado a la altura de la carrera. Muy retrasado en todo momento, el alem\u00e1n tendr\u00e1 que esperar a Kona para mostrar su nivel.<\/p>\n<p style=\"text-align: justify;\">&#8220;En el ciclismo he ido controlando que no se me escapasen. Me ha beneficiado que hubiese desnivel porque subiendo me he encontrado muy bien. En un recorrido totalmente llano puede que hubiese perdido tiempo ante gente m\u00e1s acostumbrada que yo a rodar con la bici cabra&#8221; comentaba Gomez Noya, que lleg\u00f3 a la segunda transici\u00f3n junto con un grupo de diez triatletas a menos de un minuto de la cabeza. Arrancaba la carrera a pie, siendo la baza principal para el espa\u00f1ol.<\/p>\n<p style=\"text-align: justify;\">Gomez Noya, que hab\u00eda salido\u00a0un poco m\u00e1s retrasado que el grupo de Frodeno, ha podido remontar y ya antes de la mitad del medio marat\u00f3n, aventajaba en unos segundos al alem\u00e1n, su principal rival durante toda la carrera. La diferencia entre Gomez Noya y Frodeno se ha estabilizado cerca de los treinta segundos. &#8220;Empezando la segunda de las dos vueltas, viendo que me encontraba c\u00f3modo y que solo \u00edbamos dos en cabeza he apretado y sacado una ventaja que me ha permitido ganar&#8221; declaraba Gomez Noya, que confirmaba que se le hab\u00eda hecho largo pero que no hab\u00eda acabado vac\u00edo. Adem\u00e1s, se mostraba exultante por el apoyo del p\u00fablico y la organizaci\u00f3n.<\/p>\n<p style=\"text-align: justify;\">Con la victoria en Canad\u00e1, el gallego consigue su noveno campeonato del mundo: cuatro en distancia ol\u00edmpica ITU, dos en 51.50, uno en XTerra, uno sub23 de la ITU y el conseguido este domingo en Mont-Tremblant en Ironman 70.3. Segundo fue Jan Frodeno y tercero Tim Don, campe\u00f3n del mundo de distancia ol\u00edmpica en 2006. Albert Moreno logr\u00f3 una excelente decimoquinta posici\u00f3n en su primer campeonato del mundo de la modalidad, por delante de Sebastian Kienle. El alem\u00e1n fue el gran derrotado de la jornada acabando en el puesto 18.<\/p>\n<p style=\"text-align: justify;\">El calendario de Javier G\u00f3mez Noya ahora pasa por Pek\u00edn, en una prueba ol\u00edmpica sin drafting donde coincidir\u00e1 con Mario Mola y Carolina Routier. El ferrolano\u00a0viajar\u00e1 directamente desde Canad\u00e1, para luego volver a Espa\u00f1a y cerrar la temporada en el Garmin Barcelona Triathlon, organizado por la empresa IMG.<\/p>\n<p><span style=\"color: #323333;\"><a class=\"vc_btn vc_btn-orange vc_btn-sm vc_btn_square \" href=\"https:\/\/twitter.com\/PabloBoschG\" rel=\"nofollow noopener\" target=\"_blank\">@PabloBoschG<\/a><\/span><\/p>\n<p>Foto:\u00a0Competitive Image<\/p>\n","protected":false},"excerpt":{"rendered":"<p>Sigue la leyenda. Una semana despu\u00e9s, a\u00fan m\u00e1s grande. Javier G\u00f3mez Noya ha conseguido este domingo proclamarse campe\u00f3n del mundo de Ironman 70.3. Lo ha hecho en Mont-Tremblant (Canad\u00e1), derrotando a pesos pesados de la distancia como Jan Frodeno o Sebastian Kienle. El ferrolano, con el triatl\u00f3n a sus pies. Albert Moreno cruz\u00f3 la meta [&hellip;]<\/p>\n","protected":false},"author":12,"featured_media":26793,"comment_status":"open","ping_status":"open","sticky":false,"template":"","format":"standard","meta":{"_acf_changed":false,"rank_math_lock_modified_date":false,"footnotes":""},"categories":[17,1191],"tags":[1937,218,404,2451,923],"class_list":{"0":"post-26763","1":"post","2":"type-post","3":"status-publish","4":"format-standard","5":"has-post-thumbnail","7":"category-actualidad","8":"category-triatlon","9":"tag-70-3","10":"tag-im","11":"tag-ironman","12":"tag-mont-tremblant","13":"tag-triathlon"},"acf":[],"_links":{"self":[{"href":"https:\/\/miurltemporal.com/main/triatletasenred.sport.es\/wp-json\/wp\/v2\/posts\/26763"}],"collection":[{"href":"https:\/\/miurltemporal.com/main/triatletasenred.sport.es\/wp-json\/wp\/v2\/posts"}],"about":[{"href":"https:\/\/miurltemporal.com/main/triatletasenred.sport.es\/wp-json\/wp\/v2\/types\/post"}],"author":[{"embeddable":true,"href":"https:\/\/miurltemporal.com/main/triatletasenred.sport.es\/wp-json\/wp\/v2\/users\/12"}],"replies":[{"embeddable":true,"href":"https:\/\/miurltemporal.com/main/triatletasenred.sport.es\/wp-json\/wp\/v2\/comments?post=26763"}],"version-history":[{"count":0,"href":"https:\/\/miurltemporal.com/main/triatletasenred.sport.es\/wp-json\/wp\/v2\/posts\/26763\/revisions"}],"wp:featuredmedia":[{"embeddable":true,"href":"https:\/\/miurltemporal.com/main/triatletasenred.sport.es\/wp-json\/wp\/v2\/media\/26793"}],"wp:attachment":[{"href":"https:\/\/miurltemporal.com/main/triatletasenred.sport.es\/wp-json\/wp\/v2\/media?parent=26763"}],"wp:term":[{"taxonomy":"category","embeddable":true,"href":"https:\/\/miurltemporal.com/main/triatletasenred.sport.es\/wp-json\/wp\/v2\/categories?post=26763"},{"taxonomy":"post_tag","embeddable":true,"href":"https:\/\/miurltemporal.com/main/triatletasenred.sport.es\/wp-json\/wp\/v2\/tags?post=26763"}],"curies":[{"name":"wp","href":"https:\/\/api.w.org\/{rel}","templated":true}]}}