{"id":26750,"date":"2014-09-10T07:09:50","date_gmt":"2014-09-10T05:09:50","guid":{"rendered":"http:\/\/triatletasenred.com\/?p=26750"},"modified":"2014-09-18T21:46:39","modified_gmt":"2014-09-18T19:46:39","slug":"cronica-desde-el-dorsal-ultra-trail-du-montblanc","status":"publish","type":"post","link":"https:\/\/miurltemporal.com/main/triatletasenred.sport.es\/en-red\/cronica-desde-el-dorsal-ultra-trail-du-montblanc\/","title":{"rendered":"Cr\u00f3nica desde el Dorsal: Ultra-Trail du Montblanc"},"content":{"rendered":"<h5 style=\"text-align: justify;\">Hace unos d\u00edas\u00a0se celebr\u00f3 en el pueblo de Chamonix una de las carreras m\u00e1s prestigiosas e importantes dentro del panorama del Trail: <a href=\"http:\/\/www.ultratrailmb.com\/\" target=\"_blank\" rel=\"nofollow noopener\"><b><i>The North Face Ultra-Trail du Montblanc.<\/i><\/b>\u00a0<\/a>\u00a0Estuvimos all\u00ed para contarte c\u00f3mo se vive desde dentro la prueba reina de la monta\u00f1a en los Alpes.<\/h5>\n<p><a href=\"https:\/\/twitter.com\/danics81\" target=\"_blank\" rel=\"nofollow noopener\"><img fetchpriority=\"high\" decoding=\"async\" class=\"aligncenter\" style=\"color: #666666;\" src=\"https:\/\/dl.dropboxusercontent.com\/u\/31969244\/ATRIENRED\/fotos%20TER\/dani.jpg\" alt=\"\" width=\"557\" height=\"103\" \/><\/a><\/p>\n<p style=\"text-align: justify;\">Con una organizaci\u00f3n y log\u00edstica espectacular, durante una semana entera se disputaron las diversas distancias que componen la estructura de pruebas del North Face Ultra Trail del Montblanc, empezando el lunes con la PTL de 300 km con 26500 metros de Desnivel positivo (D+) y acabando con la salida el viernes por la tarde de la m\u00edtica UTMB de 168 km con 9700 D+. En este art\u00edculo nos centraremos en esta \u00faltima prueba, por ser la m\u00e1s m\u00edtica y famosa, y porqu\u00e9 no decirlo, la que yo corr\u00ed.<\/p>\n<p style=\"text-align: justify;\">La UTMB es la carrera que casi cualquier apasionado al trail y especialmente a la larga distancia, le gustar\u00eda correr alg\u00fan d\u00eda, o como en mi caso y el de muchos, es el objetivo a largo plazo que uno se plantea cuando empieza a correr este tipo de ultramaratones.<\/p>\n<p style=\"text-align: justify;\">Ya para poder participar, la cosa no es sencilla. Debes de haber acumulado una serie de puntos en otras carreras previas durante los dos a\u00f1os anteriores, con lo que se garantizan que corra gente con algo de experiencia. Quiz\u00e1s por ese motivo, el n\u00famero de corredores que acaba la carrera es bastante elevado. Una vez acumulado los puntos suficientes, se debe participar en un sorteo de casi 8000 personas para los 2300 que finalmente tienen dorsal para correr la carrera. En mi caso, despu\u00e9s de 4 a\u00f1os corriendo ultra-trails y despu\u00e9s de dos intentos de participar, por fin este a\u00f1o consegu\u00ed el tan deseado dorsal.<\/p>\n<p style=\"text-align: justify;\">Ya de por s\u00ed, la distancia asusta, son 168 km, o lo que es lo mismo 100 millas, con un desnivel nada desconsiderable, 9700 metros positivos.<\/p>\n<h5 style=\"text-align: justify;\"><b>Cr\u00f3nica<\/b><\/h5>\n<p style=\"text-align: justify;\">Fu\u00e9 el viernes por la tarde a las 17:30h, justo 5 minutos antes cuando se puso a llover y dieron la salida a los participantes de la Ultra. Un momento muy emotivo, por el que se me pas\u00f3 por la cabeza todo lo vivido y sufrido antes en otras carreras para poder tomar esa salida. Un sue\u00f1o que se hac\u00eda realidad. Estaba a punto de empezar lo que para muchos era la meca del Ultra Trail. Una salida que se alarg\u00f3 durante unos diez minutos debido al n\u00famero de participantes, cosa que agradec\u00ed ya que as\u00ed pudimos disfrutar a\u00fan m\u00e1s del ambiente y los \u00e1nimos de todo un pueblo volcado.<\/p>\n<p style=\"text-align: justify;\">Una primera lluvia corta con un ligero par\u00f3n y de nuevo vuelta a llover, hicieron los primeros estragos en el recorrido que se volvi\u00f3 algo duro y deprimente por la dificultad de un terreno embarrado y lleno de agua y que min\u00f3 la moral de algunos y dej\u00f3 los pies tocados de otros, justo en unas primeras horas que siempre uno prefiere que pasen sin demasiadas dificultades.<\/p>\n<p style=\"text-align: justify;\">Pronto encendimos los frontales, y por suerte dej\u00f3 de llover cosa que subi\u00f3 el \u00e1nimo (en carreras tan largas, cualquier peque\u00f1a buena noticia es un buen subid\u00f3n de moral) a todos los participantes. Justo en ese momento llegamos al primer avituallamiento con asistencia <i>\u201cLes Contamines\u201d <\/i>despu\u00e9s de una bajada llena de ca\u00eddas debidas al barro.<\/p>\n<p style=\"text-align: justify;\"><a href=\"https:\/\/dl.dropboxusercontent.com\/u\/3879676\/triATLETAS\/imatges\/colaboradores\/dani%20calvo\/utmb\/1.jpg\" target=\"_blank\" rel=\"nofollow noopener\"><img decoding=\"async\" class=\"alignnone\" src=\"https:\/\/dl.dropboxusercontent.com\/u\/3879676\/triATLETAS\/imatges\/colaboradores\/dani%20calvo\/utmb\/1.jpg\" alt=\"\" width=\"628\" height=\"107\" \/><\/a><\/p>\n<p style=\"text-align: justify;\">Una parada relativamente r\u00e1pida para cambiar calcetines y ropa y seguimos nuestro largo camino. En mi caso hasta por la ma\u00f1ana del d\u00eda siguiente no volver\u00eda a recibir asistencia ni a ver a los familiares que me acompa\u00f1aban, as\u00ed que quedaba una larga noche \u201csolo\u201d. Y lo pongo entre comillas porque a esas alturas de la carrera el n\u00famero de participantes que iban al mismo ritmo era impresionante, as\u00ed se produjo una de las mejores im\u00e1genes de la noche: la subida al <i>\u201cCol de la Seigne\u201d. <\/i>Un haz de luz en forma de Z iluminaba toda la subida hasta el punto m\u00e1s alto, gracias a los m\u00e1s de 1000 frontales de todos los participantes. Hasta ese momento y debido al recorrido mayoritariamente con bosque en los lados, hab\u00eda sido bastante aburrido debido a que pr\u00e1cticamente no se ten\u00eda ninguna vista que no fuera la propia pista forestal por la que est\u00e1bamos andando. Una vez completada la subida de casi 900m D+ empez\u00f3 la bajada hacia <i>\u201cLac Combal\u201d en el km 64<\/i>. Otro de los momentos preciosos ya que coincidi\u00f3 con los primeros rayos de sol y en los que se empez\u00f3 a vislumbrar a mano izquierda el majestuoso Montblanc, vista que ya no perder\u00edamos durante muchas horas.<\/p>\n<p style=\"text-align: justify;\"><img decoding=\"async\" class=\"alignnone\" src=\"https:\/\/dl.dropboxusercontent.com\/u\/3879676\/triATLETAS\/imatges\/colaboradores\/dani%20calvo\/utmb\/2.jpg\" alt=\"\" width=\"639\" height=\"479\" \/><\/p>\n<p style=\"text-align: justify;\">Ya en tierras italianas, el siguiente objetivo era llegar al pueblo de Courmayeur, casi a la mitad del recorrido en el km 77 y punto de asistencia grande despu\u00e9s de toda una noche. All\u00ed llegu\u00e9 sobre las 9:15, recuper\u00e9 fuerzas y sal\u00ed dispuesto a afrontar quiz\u00e1s dos de las subidas con m\u00e1s desnivel del recorrido: el tramo al \u201c<i>Refugio Bertone\u201d<\/i> de 800m D+ y los 900m D+ desde <i>\u201cArnuva\u201d <\/i>al <i>\u201cGrand Col Ferret\u201d.<\/i><\/p>\n<p style=\"text-align: justify;\"><img loading=\"lazy\" decoding=\"async\" class=\"alignnone\" src=\"https:\/\/dl.dropboxusercontent.com\/u\/3879676\/triATLETAS\/imatges\/colaboradores\/dani%20calvo\/utmb\/3.jpg\" alt=\"\" width=\"645\" height=\"218\" \/><\/p>\n<p style=\"text-align: justify;\">Aprovech\u00e9 los \u00fatlimos rayos de sol para entrar en Suiza y emprender una bajada muy larga de unos 20 km para llegar al siguiente avituallamiento con asistencia en el km 122 en <i>\u201cChampec-Lac\u201d. <\/i>Un pueblo que parec\u00eda precioso con un gran lago, pero que la oscuridad ya no me dej\u00f3 disfrutar. All\u00ed llegu\u00e9 algo tocado f\u00edsicamente pero de nuevo reencuentro con los familiares para subir la moral y algo de descanso para afrontar la parte final de la carrera.<\/p>\n<p style=\"text-align: justify;\"><img loading=\"lazy\" decoding=\"async\" class=\"alignnone\" src=\"https:\/\/dl.dropboxusercontent.com\/u\/3879676\/triATLETAS\/imatges\/colaboradores\/dani%20calvo\/utmb\/4.jpg\" alt=\"\" width=\"652\" height=\"489\" \/><\/p>\n<p style=\"text-align: justify;\">A la salida de <i>\u201cChampec-Lac\u201d,<\/i> me plante\u00e9 la \u00faltima marat\u00f3n en tres tramos (las 3 subidas de unos 900 D+ que quedaban), as\u00ed fui pasando el primer tramo hacia \u201c<i>Trient\u201d. <\/i>Nueva reuni\u00f3n con los familiares y despedida ya hasta que llegara a la meta y ya con bastante subid\u00f3n de moral porque ya casi lo ten\u00eda a tocar; era cuesti\u00f3n de no hacerse da\u00f1o y seguir al mismo ritmo. Siguiente parada en el pueblo de <i>\u201cVallorcine\u201d<\/i> en el km 149. De momento todo bajo control, ya solo quedaba una subida fuerte y una larga bajada hacia Chamonix. Sal\u00ed del avituallamiento sobre las 5 de la madrugada y empec\u00e9 a subir hasta <i>\u201cT\u00eate aux Vents\u201d, <\/i>esta fue la subida m\u00e1s t\u00e9cnica que encontr\u00e9 en el recorrido. Una subida con mucha piedra pero que sorprendentemente sub\u00ed con mucha fuerza, seguramente motivado por ser la \u00faltima. Una vez en la cima, ya solo quedaba una larga bajada. El fr\u00edo, la segunda noche sin dormir y las piedras h\u00famedas hicieron bastante complicado este primer tramo de bajada hasta el refugio de <i>\u201cLa Fl\u00e9g\u00e8re\u201d. <\/i>Una vez llegado all\u00ed ya solo quedaba una larga bajada hacia Chamonix. Una bajada que, aunque algo tocado por un dolor en la t\u00edbia, disfrute imagin\u00e1ndome la llegada a meta y con ganas de ver a los familiares de nuevo para abrazarlos.<\/p>\n<p style=\"text-align: justify;\"><img loading=\"lazy\" decoding=\"async\" class=\"alignnone\" src=\"https:\/\/dl.dropboxusercontent.com\/u\/3879676\/triATLETAS\/imatges\/colaboradores\/dani%20calvo\/utmb\/5.jpg\" alt=\"\" width=\"663\" height=\"497\" \/><\/p>\n<p style=\"text-align: justify;\">Y as\u00ed fu\u00e9, llegada a Chamonix despu\u00e9s de casi 39 horas de carrera y dos noches sin dormir, por fin pude pasar por el arco de llegada y abrazarme con todos los familiares y disfrutar de la experiencia de terminar un reto que surgi\u00f3 hac\u00eda ya unos a\u00f1os y que por fin pude completar.<\/p>\n<p style=\"text-align: justify;\">Quiz\u00e1s no es la carrera m\u00e1s bonita que he hecho, ni quiz\u00e1s la m\u00e1s dura, pero poder haber cumplido este sue\u00f1o me hace sentir muy feliz y orgulloso de mi mismo.<\/p>\n<a class=\"vc_btn vc_btn-blue vc_btn-sm vc_btn_square \" href=\"https:\/\/twitter.com\/danics81\" rel=\"nofollow noopener\" target=\"_blank\">@danics81<\/a>\n<p><a href=\"http:\/\/www.esportissim.com\/\" rel=\"nofollow noopener\" target=\"_blank\"><img loading=\"lazy\" decoding=\"async\" src=\"https:\/\/dl.dropboxusercontent.com\/u\/31969244\/ATRIENRED\/esportissim.jpg\" alt=\"\" width=\"529\" height=\"58\" \/><\/a><\/p>\n","protected":false},"excerpt":{"rendered":"<p>Hace unos d\u00edas\u00a0se celebr\u00f3 en el pueblo de Chamonix una de las carreras m\u00e1s prestigiosas e importantes dentro del panorama del Trail: The North Face Ultra-Trail du Montblanc.\u00a0\u00a0Estuvimos all\u00ed para contarte c\u00f3mo se vive desde dentro la prueba reina de la monta\u00f1a en los Alpes. Con una organizaci\u00f3n y log\u00edstica espectacular, durante una semana entera [&hellip;]<\/p>\n","protected":false},"author":243,"featured_media":26904,"comment_status":"open","ping_status":"open","sticky":false,"template":"","format":"standard","meta":{"_acf_changed":false,"rank_math_lock_modified_date":false,"footnotes":""},"categories":[16],"tags":[100,2456,102,559,997,2455,63,237],"class_list":{"0":"post-26750","1":"post","2":"type-post","3":"status-publish","4":"format-standard","5":"has-post-thumbnail","7":"category-en-red","8":"tag-dani-calvo","9":"tag-montblanc","10":"tag-trail","11":"tag-ultra","12":"tag-ultra-trail","13":"tag-ultra-trail-du-montblanc","14":"tag-ultratrail","15":"tag-utmb"},"acf":[],"_links":{"self":[{"href":"https:\/\/miurltemporal.com/main/triatletasenred.sport.es\/wp-json\/wp\/v2\/posts\/26750"}],"collection":[{"href":"https:\/\/miurltemporal.com/main/triatletasenred.sport.es\/wp-json\/wp\/v2\/posts"}],"about":[{"href":"https:\/\/miurltemporal.com/main/triatletasenred.sport.es\/wp-json\/wp\/v2\/types\/post"}],"author":[{"embeddable":true,"href":"https:\/\/miurltemporal.com/main/triatletasenred.sport.es\/wp-json\/wp\/v2\/users\/243"}],"replies":[{"embeddable":true,"href":"https:\/\/miurltemporal.com/main/triatletasenred.sport.es\/wp-json\/wp\/v2\/comments?post=26750"}],"version-history":[{"count":0,"href":"https:\/\/miurltemporal.com/main/triatletasenred.sport.es\/wp-json\/wp\/v2\/posts\/26750\/revisions"}],"wp:featuredmedia":[{"embeddable":true,"href":"https:\/\/miurltemporal.com/main/triatletasenred.sport.es\/wp-json\/wp\/v2\/media\/26904"}],"wp:attachment":[{"href":"https:\/\/miurltemporal.com/main/triatletasenred.sport.es\/wp-json\/wp\/v2\/media?parent=26750"}],"wp:term":[{"taxonomy":"category","embeddable":true,"href":"https:\/\/miurltemporal.com/main/triatletasenred.sport.es\/wp-json\/wp\/v2\/categories?post=26750"},{"taxonomy":"post_tag","embeddable":true,"href":"https:\/\/miurltemporal.com/main/triatletasenred.sport.es\/wp-json\/wp\/v2\/tags?post=26750"}],"curies":[{"name":"wp","href":"https:\/\/api.w.org\/{rel}","templated":true}]}}