{"id":26566,"date":"2014-09-05T07:09:06","date_gmt":"2014-09-05T05:09:06","guid":{"rendered":"http:\/\/triatletasenred.com\/?p=26566"},"modified":"2016-02-29T13:59:42","modified_gmt":"2016-02-29T11:59:42","slug":"ironman-70-3-mont-tremblant-la-antesala-de-kona","status":"publish","type":"post","link":"https:\/\/miurltemporal.com/main/triatletasenred.sport.es\/actualidad\/ironman-70-3-mont-tremblant-la-antesala-de-kona\/","title":{"rendered":"&#8220;POKER&#8221; Javier G\u00f3mez Noya al asalto del mundial IM 70.3 en Canad\u00e1"},"content":{"rendered":"<p style=\"text-align: justify;\"><strong>Estamos llegando a la recta final de la temporada pero quedan unos \u00faltimos cartuchos m\u00e1s que apetecibles. El fin de semana pasado en Edmonton vivimos algo m\u00e1s que la GRAN FINAL de las World Triathlon Series de la mano de G\u00f3mez Noya y Mario Mola y ahora nos llegan dos platos fuertes en forma de Campeonato del Mundo Ironman. Mont Tremblant (Canad\u00e1) en la version 70.3 y el m\u00edtico Ironman de Kona unas semanas m\u00e1s tarde.\u00a0<\/strong><\/p>\n<p style=\"text-align: justify;\"><img fetchpriority=\"high\" decoding=\"async\" class=\"alignnone\" src=\"https:\/\/dl.dropboxusercontent.com\/u\/31969244\/ATRIENRED\/fotos%20TER\/gonzalo.jpg\" alt=\"\" width=\"557\" height=\"103\" \/><\/p>\n<p style=\"text-align: justify;\">Espadas en todo lo alto para disfrutar de lo mejor de lo mejor de la media distancia. Un evento que tan solo la franquicia Ironman puede regalar al\u00a0mundo del triatl\u00f3n y que tendr\u00e1 en Mont Tremblant el mejor de los espect\u00e1culos\u00a0en la distancia 70.3.<\/p>\n<p style=\"text-align: justify;\"><img decoding=\"async\" class=\"alignleft\" src=\"http:\/\/4.bp.blogspot.com\/-Fj9DRUKPtWc\/UlVJJcWUmDI\/AAAAAAAABn8\/esEbt-HbjSM\/s320\/h.jpg\" alt=\"\" width=\"95\" height=\"143\" \/>Todos los que all\u00ed participar\u00e1n, tanto pros como grupos de edad se han ganado el derecho y el privilegio de competir en la prueba reina de Ironman 70.3, el Campeonato Mundial. Las previas y obligaciones para conseguir la clasificaci\u00f3n, los famosos slots,\u00a0hacen que solo lleguen all\u00ed los mejores y entre ellos dos\u00a0triatletas nacionales:<\/p>\n<p style=\"text-align: justify;\"><strong>Albert Moreno<\/strong>: La joven promesa de nuestro triatl\u00f3n de media distancia puede graduarse en Mont Tremblant si hace valer su magnifico potencial en carrera y especialmente en el tramo a pie en el que ya nos ha acostumbrado a parciales de aut\u00e9ntico lujo. El de Igualada llega con respeto pero sin\u00a0renunciar a dar la campanada y busca el top 10 en su debut en un Campeonato del Mundo Ironman 70.3.<\/p>\n<p style=\"text-align: justify;\"><strong><img decoding=\"async\" class=\"alignright\" src=\"http:\/\/imagenes.publico.es\/resources\/archivos\/2012\/8\/7\/1344351161034noyadetalledn.jpg\" alt=\"\" width=\"116\" height=\"145\" \/>Javi G\u00f3mez Noya<\/strong> : El hombre de moda, campe\u00f3n\u00a0de las Series Mundiales de Triatl\u00f3n, el gallego que nos ha levantado en tantas ocasiones de la butaca ha demostrado ser capaz de todo y m\u00e1s. No es su especialidad pero ya demostr\u00f3 en el desaparecido Half Challenge de Calella y recientemente en el Ironman de Panam\u00e1, que puede vencer incluso humillar a los m\u00e1s doctos en la prueba. Sin duda tambien un gran candidato a la victoria.<\/p>\n<p style=\"text-align: justify;\"><strong>EL GRAN AUSENTE<\/strong><\/p>\n<p style=\"text-align: justify;\"><strong>Ivan Ra\u00f1a<\/strong> : El propio Marcel Zamora le daba como favorito a vencer en la Meca de Ironman, en Kona en la<img loading=\"lazy\" decoding=\"async\" class=\"alignleft\" src=\"http:\/\/www.fcz.it\/wp-content\/uploads\/2012\/11\/IronmanCozumelIvanRana.jpg\" alt=\"\" width=\"111\" height=\"147\" \/>\u00a0entrevista que publicamos hace unas semanas. &#8220;El soldado&#8221; no entiende de tests y ha decidido renunciar a Mont Tremblant para priorizar el asalto a Kona y engrandecer su ya de por s\u00ed admirable leyenda. Ra\u00f1a llegar\u00e1 a Haw\u00e1i con el aval de un sub8h en el Ironman de Austria.<\/p>\n<p style=\"text-align: justify;\"><strong>LOS RIVALES<\/strong><\/p>\n<p style=\"text-align: justify;\">Al Campeonato del Mundo Ironman 70.3 solo llegan los mejores y se disputar\u00e1n el t\u00edtulo aut\u00e9nticos pesos pesados del triatl\u00f3n internacional. Algunos de ellos tambi\u00e9n se postulan a la victoria en Kona, por lo que el podio canadiense va a ser realmente caro. Entre los principales favoritos,\u00a0los germanos <strong>Sebastian Kienle<\/strong>\u00a0(campe\u00f3n de las dos \u00faltimas ediciones)<strong>\u00a0o Jan Frodeno<\/strong>, los australianos <strong>Tim Reed o Joe Gambles<\/strong> o el brit\u00e1nico <strong>Don Tim. E<\/strong>l representante italiano <strong>Domenico Passuelo<\/strong>, aparece tambi\u00e9n con posibilidad a podio,\u00a0al igual que otro de los especialistas en la distancia, el\u00a0neozeland\u00e9s\u00a0<strong>Terenzo Bozzone<\/strong>.<\/p>\n<p style=\"text-align: justify;\">Desde triatletasenred.com os animamos a seguir la carrera en @triatletasenred. Con un poco de suerte el triatl\u00f3n espa\u00f1ol puede\u00a0dar otra campanada o, por qu\u00e9 no&#8230; \u00a1dos!<\/p>\n<p style=\"text-align: justify;\">Os invitamos a ver el video elaborado por nuestros amigos y nuevos colaboradores de <a href=\"http:\/\/onetwotriatlon.com\/\" target=\"_blank\" rel=\"nofollow noopener\">ONE TWO TRIATL\u00d3N<\/a>.<\/p>\n<p style=\"text-align: justify;\">[vimeo id=&#8221;105217419&#8243; width=&#8221;620&#8243; height=&#8221;360&#8243;]<\/p>\n<p style=\"text-align: justify;\"><a style=\"font-weight: bold; color: #444444;\" href=\"http:\/\/www.esportissim.com\/\" rel=\"nofollow noopener\" target=\"_blank\"><img loading=\"lazy\" decoding=\"async\" style=\"font-weight: inherit; font-style: inherit;\" src=\"https:\/\/dl.dropboxusercontent.com\/u\/31969244\/ATRIENRED\/esportissim.jpg\" alt=\"\" width=\"529\" height=\"58\" \/><\/a><\/p>\n","protected":false},"excerpt":{"rendered":"<p>Estamos llegando a la recta final de la temporada pero quedan unos \u00faltimos cartuchos m\u00e1s que apetecibles. El fin de semana pasado en Edmonton vivimos algo m\u00e1s que la GRAN FINAL de las World Triathlon Series de la mano de G\u00f3mez Noya y Mario Mola y ahora nos llegan dos platos fuertes en forma de [&hellip;]<\/p>\n","protected":false},"author":2,"featured_media":26704,"comment_status":"open","ping_status":"open","sticky":false,"template":"","format":"standard","meta":{"_acf_changed":false,"rank_math_lock_modified_date":false,"footnotes":""},"categories":[17],"tags":[535,404,1652,403,819,2451,923,24],"class_list":{"0":"post-26566","1":"post","2":"type-post","3":"status-publish","4":"format-standard","5":"has-post-thumbnail","7":"category-actualidad","8":"tag-albert-moreno","9":"tag-ironman","10":"tag-ironman-70-3","11":"tag-ivan-rana","12":"tag-javier-gomez-noya","13":"tag-mont-tremblant","14":"tag-triathlon","15":"tag-triatlon"},"acf":[],"_links":{"self":[{"href":"https:\/\/miurltemporal.com/main/triatletasenred.sport.es\/wp-json\/wp\/v2\/posts\/26566"}],"collection":[{"href":"https:\/\/miurltemporal.com/main/triatletasenred.sport.es\/wp-json\/wp\/v2\/posts"}],"about":[{"href":"https:\/\/miurltemporal.com/main/triatletasenred.sport.es\/wp-json\/wp\/v2\/types\/post"}],"author":[{"embeddable":true,"href":"https:\/\/miurltemporal.com/main/triatletasenred.sport.es\/wp-json\/wp\/v2\/users\/2"}],"replies":[{"embeddable":true,"href":"https:\/\/miurltemporal.com/main/triatletasenred.sport.es\/wp-json\/wp\/v2\/comments?post=26566"}],"version-history":[{"count":0,"href":"https:\/\/miurltemporal.com/main/triatletasenred.sport.es\/wp-json\/wp\/v2\/posts\/26566\/revisions"}],"wp:featuredmedia":[{"embeddable":true,"href":"https:\/\/miurltemporal.com/main/triatletasenred.sport.es\/wp-json\/wp\/v2\/media\/26704"}],"wp:attachment":[{"href":"https:\/\/miurltemporal.com/main/triatletasenred.sport.es\/wp-json\/wp\/v2\/media?parent=26566"}],"wp:term":[{"taxonomy":"category","embeddable":true,"href":"https:\/\/miurltemporal.com/main/triatletasenred.sport.es\/wp-json\/wp\/v2\/categories?post=26566"},{"taxonomy":"post_tag","embeddable":true,"href":"https:\/\/miurltemporal.com/main/triatletasenred.sport.es\/wp-json\/wp\/v2\/tags?post=26566"}],"curies":[{"name":"wp","href":"https:\/\/api.w.org\/{rel}","templated":true}]}}