{"id":26514,"date":"2014-09-05T07:00:10","date_gmt":"2014-09-05T05:00:10","guid":{"rendered":"http:\/\/triatletasenred.com\/?p=26514"},"modified":"2014-09-05T07:00:10","modified_gmt":"2014-09-05T05:00:10","slug":"llega-la-primera-edicion-de-la-tunaracebalfego-triathlon","status":"publish","type":"post","link":"https:\/\/miurltemporal.com/main/triatletasenred.sport.es\/competiciones\/triatlon\/llega-la-primera-edicion-de-la-tunaracebalfego-triathlon\/","title":{"rendered":"Llega la primera edici\u00f3n de la TunaRaceBalfeg\u00f3 Triathl\u00f3n"},"content":{"rendered":"<h5 style=\"text-align: justify;\">El s\u00e1bado 20 de setiembre se disputar\u00e1 la primera edici\u00f3n de la TUNARACE BALFEG\u00d3 TRIATHLON &#8211; GRAN PREMI RTB SPORT en la Ametlla de Mar (Baix Ebre), impulsada per la reconocida empresa Grup Balfeg\u00f3 y guiada por Santi Pellejero en la direcci\u00f3n t\u00e9cnica.<\/h5>\n<p style=\"text-align: justify;\">Se trata de un triatl\u00f3n de distancia ol\u00edmpica en la que los participantes afrontar\u00e1n 1.500 metros de nataci\u00f3n, 40 km de ciclismo y 10km de carrera a pie en un entorno ideal para la pr\u00e1ctica del deporte.<\/p>\n<p style=\"text-align: justify;\">Ese d\u00eda la Ametlla de Mar respirar\u00e1 triatl\u00f3n y se sumergir\u00e1 en el mundo de las aguas marinas. La competici\u00f3n tendr\u00e1 lugar a las 15.30 pm pero desde las 10 de la ma\u00f1ana se podr\u00e1 acceder al recinto para recoger los dorsales. A partir de entonces, tambi\u00e9n, se podr\u00e1 disfrutar de actividades de animaci\u00f3n, exposiciones relacionadas con Balfeg\u00f3, la localidad de la Ametlla de Mar, las Tierras del Ebro y la disciplina deportiva. El punto y final lo pondr\u00e1 la Experiencia Tuna Tour, una oportunidad \u00fanica para los 75 primeros inscritos al triatl\u00f3n, que ser\u00e1n obsequiados con un ba\u00f1o entre los atunes rojos en las aguas marinas del Baix Ebre.<\/p>\n<p style=\"text-align: justify;\">La prueba se incluye dentro del calendario de la Federaci\u00f3 Catalana de Triatl\u00f3 y forma parte del marco de dinamizaci\u00f3n tur\u00edstica y deportiva de la misma localidad. De hecho, el grupo Balfeg\u00f3 organiza tambi\u00e9n la consolidada traves\u00eda en aguas abiertas y cuenta con un equipo de nadadores y triatletas de primer orden bajo el paraguas del Team Balfeg\u00f3. Entre ellos destacan los nadadores \u00a0ol\u00edmpicos \u00c9rika Villa\u00e9cija y Kiko Herv\u00e1s y el triatleta profesional V\u00edctor del Corral.<\/p>\n<h6 style=\"text-align: justify;\">M\u00e1s informaci\u00f3n en <a href=\"http:\/\/tunaracebalfego.com\/tuna-race-balfego\/\" target=\"_blank\" rel=\"nofollow noopener\">tunaracebalfego.com\/tuna-race-balfego\/<\/a><\/h6>\n","protected":false},"excerpt":{"rendered":"<p>El s\u00e1bado 20 de setiembre se disputar\u00e1 la primera edici\u00f3n de la TUNARACE BALFEG\u00d3 TRIATHLON &#8211; GRAN PREMI RTB SPORT en la Ametlla de Mar (Baix Ebre), impulsada per la reconocida empresa Grup Balfeg\u00f3 y guiada por Santi Pellejero en la direcci\u00f3n t\u00e9cnica. Se trata de un triatl\u00f3n de distancia ol\u00edmpica en la que los [&hellip;]<\/p>\n","protected":false},"author":6,"featured_media":26516,"comment_status":"open","ping_status":"open","sticky":false,"template":"","format":"standard","meta":{"_acf_changed":false,"rank_math_lock_modified_date":false,"footnotes":""},"categories":[1191],"tags":[87,318,461,1000,24,2450],"class_list":{"0":"post-26514","1":"post","2":"type-post","3":"status-publish","4":"format-standard","5":"has-post-thumbnail","7":"category-triatlon","8":"tag-natacion","9":"tag-natacion-aguas-abiertas","10":"tag-swim","11":"tag-tri","12":"tag-triatlon","13":"tag-tunaracebalfego"},"acf":[],"_links":{"self":[{"href":"https:\/\/miurltemporal.com/main/triatletasenred.sport.es\/wp-json\/wp\/v2\/posts\/26514"}],"collection":[{"href":"https:\/\/miurltemporal.com/main/triatletasenred.sport.es\/wp-json\/wp\/v2\/posts"}],"about":[{"href":"https:\/\/miurltemporal.com/main/triatletasenred.sport.es\/wp-json\/wp\/v2\/types\/post"}],"author":[{"embeddable":true,"href":"https:\/\/miurltemporal.com/main/triatletasenred.sport.es\/wp-json\/wp\/v2\/users\/6"}],"replies":[{"embeddable":true,"href":"https:\/\/miurltemporal.com/main/triatletasenred.sport.es\/wp-json\/wp\/v2\/comments?post=26514"}],"version-history":[{"count":0,"href":"https:\/\/miurltemporal.com/main/triatletasenred.sport.es\/wp-json\/wp\/v2\/posts\/26514\/revisions"}],"wp:featuredmedia":[{"embeddable":true,"href":"https:\/\/miurltemporal.com/main/triatletasenred.sport.es\/wp-json\/wp\/v2\/media\/26516"}],"wp:attachment":[{"href":"https:\/\/miurltemporal.com/main/triatletasenred.sport.es\/wp-json\/wp\/v2\/media?parent=26514"}],"wp:term":[{"taxonomy":"category","embeddable":true,"href":"https:\/\/miurltemporal.com/main/triatletasenred.sport.es\/wp-json\/wp\/v2\/categories?post=26514"},{"taxonomy":"post_tag","embeddable":true,"href":"https:\/\/miurltemporal.com/main/triatletasenred.sport.es\/wp-json\/wp\/v2\/tags?post=26514"}],"curies":[{"name":"wp","href":"https:\/\/api.w.org\/{rel}","templated":true}]}}