{"id":26464,"date":"2014-09-02T06:53:52","date_gmt":"2014-09-02T04:53:52","guid":{"rendered":"http:\/\/triatletasenred.com\/?p=26464"},"modified":"2016-05-05T13:42:22","modified_gmt":"2016-05-05T11:42:22","slug":"eurobike-2014-lo-mas-destacado-i","status":"publish","type":"post","link":"https:\/\/miurltemporal.com/main/triatletasenred.sport.es\/actualidad\/eurobike-2014-lo-mas-destacado-i\/","title":{"rendered":"EUROBIKE 2014: Lo m\u00e1s destacado"},"content":{"rendered":"<h5>Pablo Roura de\u00a0<a style=\"font-weight: bold; font-style: inherit;\" href=\"http:\/\/triatlonsindrafting.com\/\" target=\"_blank\" rel=\"nofollow noopener\">triatlonsindrafting.com<\/a>\u00a0&#8211;\u00a0A continuaci\u00f3n os presento un resumen de lo m\u00e1s destacado en este primer d\u00eda de feria.<\/h5>\n<p style=\"color: #444444;\"><a style=\"font-weight: inherit; font-style: inherit; color: #01a0db;\" href=\"https:\/\/triatlonsindrafting.files.wordpress.com\/2014\/08\/1409153578505-1nbwiu2ha7ajq-700-80.jpg\" rel=\"nofollow noopener\" target=\"_blank\"><img fetchpriority=\"high\" decoding=\"async\" class=\"aligncenter size-large wp-image-8318\" src=\"http:\/\/triatlonsindrafting.files.wordpress.com\/2014\/08\/1409153578505-1nbwiu2ha7ajq-700-80.jpg?w=585&amp;h=329\" alt=\"BMC\" width=\"585\" height=\"329\" \/><\/a><\/p>\n<p style=\"color: #444444; text-align: justify;\"><strong>BMC Impect Concept es el nombre del curioso concepto de la marca suiza que seg\u00fan declaraban en el Eurobike todav\u00eda no ha sido probada como bicicleta completamente montada\u2026 solo han probado sus partes por separado\u2026<\/strong><\/p>\n<p style=\"color: #444444; text-align: justify;\"><strong><a style=\"font-weight: inherit; font-style: inherit; color: #01a0db;\" href=\"https:\/\/triatlonsindrafting.files.wordpress.com\/2014\/08\/bwctzsaicaaagwg-jpg-large.jpeg\" rel=\"nofollow noopener\" target=\"_blank\"><img decoding=\"async\" class=\"aligncenter size-large wp-image-8322\" src=\"http:\/\/triatlonsindrafting.files.wordpress.com\/2014\/08\/bwctzsaicaaagwg-jpg-large.jpeg?w=585&amp;h=438\" alt=\"Shimano R321\" width=\"585\" height=\"438\" \/><\/a><\/strong><\/p>\n<p style=\"color: #444444; text-align: justify;\"><strong>Espectaculares las zapatillas Shimano R321, las cuales, seg\u00fan la marca son capaces de ahorrar un 5% de resistencia respecto al modelo predecesor, gracias a su nuevo upper.<\/strong><\/p>\n<p style=\"color: #444444; text-align: justify;\"><strong><a style=\"font-weight: inherit; font-style: inherit; color: #01a0db;\" href=\"https:\/\/triatlonsindrafting.files.wordpress.com\/2014\/08\/bwcotexiqaa7d9k-jpg-large.jpeg\" rel=\"nofollow noopener\" target=\"_blank\"><img decoding=\"async\" class=\"aligncenter size-large wp-image-8323\" src=\"http:\/\/triatlonsindrafting.files.wordpress.com\/2014\/08\/bwcotexiqaa7d9k-jpg-large.jpeg?w=585&amp;h=438\" alt=\"De Rosa King\" width=\"585\" height=\"438\" \/><\/a><\/strong><\/p>\n<p style=\"color: #444444; text-align: justify;\"><strong>Los italianos de De Rosa ofrecen su modelo The King en multitud de colores, tan espectaculares como esta de color naranja.<\/strong><\/p>\n<p style=\"color: #444444; text-align: justify;\"><strong><a style=\"font-weight: inherit; font-style: inherit; color: #01a0db;\" href=\"https:\/\/triatlonsindrafting.files.wordpress.com\/2014\/08\/bwb3guqieaaedec-jpg-large.jpeg\" rel=\"nofollow noopener\" target=\"_blank\"><img loading=\"lazy\" decoding=\"async\" class=\"aligncenter size-large wp-image-8325\" src=\"http:\/\/triatlonsindrafting.files.wordpress.com\/2014\/08\/bwb3guqieaaedec-jpg-large.jpeg?w=585&amp;h=438\" alt=\"Pro\" width=\"585\" height=\"438\" \/><\/a><\/strong><\/p>\n<p style=\"color: #444444; text-align: justify;\"><strong>La marca Pro presentaba este interesante sistema de hidrataci\u00f3n integrado en su manillar.<\/strong><\/p>\n<p style=\"color: #444444; text-align: justify;\"><strong><a style=\"font-weight: inherit; font-style: inherit; color: #01a0db;\" href=\"https:\/\/triatlonsindrafting.files.wordpress.com\/2014\/08\/bwb2wzjcqaev1tj-jpg-large-2.jpeg\" rel=\"nofollow noopener\" target=\"_blank\"><img loading=\"lazy\" decoding=\"async\" class=\"aligncenter size-large wp-image-8324\" src=\"http:\/\/triatlonsindrafting.files.wordpress.com\/2014\/08\/bwb2wzjcqaev1tj-jpg-large-2.jpeg?w=585&amp;h=438\" alt=\"Scott Plasma S.Kienle\" width=\"585\" height=\"438\" \/><\/a><\/strong><\/p>\n<p style=\"color: #444444; text-align: justify;\"><strong>Los fans de Sebastian Kienle pudieron ver expuesta su Scott Plasma con pintura de camuflaje con ruedas Zipp a juego.<\/strong><\/p>\n<p style=\"color: #444444; text-align: justify;\"><strong><a style=\"font-weight: inherit; font-style: inherit; color: #01a0db;\" href=\"https:\/\/triatlonsindrafting.files.wordpress.com\/2014\/08\/10590424_10204886464018762_1691928054252379176_n.jpg\" rel=\"nofollow noopener\" target=\"_blank\"><img loading=\"lazy\" decoding=\"async\" class=\"aligncenter size-large wp-image-8333\" src=\"http:\/\/triatlonsindrafting.files.wordpress.com\/2014\/08\/10590424_10204886464018762_1691928054252379176_n.jpg?w=585&amp;h=585\" alt=\"Mavic\" width=\"585\" height=\"585\" \/><\/a><\/strong><\/p>\n<p style=\"color: #444444; text-align: justify;\"><strong>Nueva propuesta de la casa francesa Mavic para optimizar el rendimiento.<\/strong><\/p>\n<p style=\"color: #444444; text-align: justify;\"><strong><a style=\"font-weight: inherit; font-style: inherit; color: #01a0db;\" href=\"https:\/\/triatlonsindrafting.files.wordpress.com\/2014\/08\/bwcuizticaal43d-jpg-large.jpeg\" rel=\"nofollow noopener\" target=\"_blank\"><img loading=\"lazy\" decoding=\"async\" class=\"aligncenter size-large wp-image-8326\" src=\"http:\/\/triatlonsindrafting.files.wordpress.com\/2014\/08\/bwcuizticaal43d-jpg-large.jpeg?w=585&amp;h=438\" alt=\"Canyon Anne Haug\" width=\"585\" height=\"438\" \/><\/a><\/strong><\/p>\n<p style=\"color: #444444; text-align: justify;\"><strong>Espectacular la Canyon Aeroad CF SLX de la triatleta alemana Anne Haug.<\/strong><\/p>\n<p style=\"color: #444444; text-align: justify;\"><strong><a style=\"font-weight: inherit; font-style: inherit; color: #01a0db;\" href=\"https:\/\/triatlonsindrafting.files.wordpress.com\/2014\/08\/eurobike_lightweight2.jpg\" rel=\"nofollow noopener\" target=\"_blank\"><img loading=\"lazy\" decoding=\"async\" class=\"aligncenter size-large wp-image-8335\" src=\"http:\/\/triatlonsindrafting.files.wordpress.com\/2014\/08\/eurobike_lightweight2.jpg?w=585&amp;h=390\" alt=\"eurobike_lightweight2\" width=\"585\" height=\"390\" \/><\/a><\/strong><\/p>\n<p style=\"color: #444444; text-align: justify;\"><strong>Lightweight, los aut\u00e9nticos especialistas en fabricar ruedas de carbono, presentaban su modelo con freno de disco.<\/strong><\/p>\n<p style=\"color: #444444;\"><a class=\"vc_btn vc_btn-blue vc_btn-sm vc_btn_square \" href=\"http:\/\/triatlonsindrafting.com\/\" rel=\"nofollow noopener\" target=\"_blank\">Web Oficial<\/a><br \/>\n<a class=\"vc_btn vc_btn-blue vc_btn-sm vc_btn_square \" href=\"http:\/\/twitter.com\/trisindrafting\" rel=\"nofollow noopener\" target=\"_blank\">@trisindrafting<\/a><\/p>\n<p style=\"color: #444444;\"><em><strong>im\u00e1genes de\u00a0www.eurobike-show.de<\/strong><\/em><\/p>\n","protected":false},"excerpt":{"rendered":"<p>Pablo Roura de\u00a0triatlonsindrafting.com\u00a0&#8211;\u00a0A continuaci\u00f3n os presento un resumen de lo m\u00e1s destacado en este primer d\u00eda de feria. BMC Impect Concept es el nombre del curioso concepto de la marca suiza que seg\u00fan declaraban en el Eurobike todav\u00eda no ha sido probada como bicicleta completamente montada\u2026 solo han probado sus partes por separado\u2026 Espectaculares las [&hellip;]<\/p>\n","protected":false},"author":6,"featured_media":26570,"comment_status":"open","ping_status":"open","sticky":false,"template":"","format":"standard","meta":{"_acf_changed":false,"rank_math_lock_modified_date":false,"footnotes":""},"categories":[17],"tags":[2526,111,1119,1604,1153],"class_list":{"0":"post-26464","1":"post","2":"type-post","3":"status-publish","4":"format-standard","5":"has-post-thumbnail","7":"category-actualidad","8":"tag-bicicletas-2","9":"tag-ciclismo","10":"tag-eurobike","11":"tag-pablo-roura","12":"tag-triatlonsindrafting"},"acf":[],"_links":{"self":[{"href":"https:\/\/miurltemporal.com/main/triatletasenred.sport.es\/wp-json\/wp\/v2\/posts\/26464"}],"collection":[{"href":"https:\/\/miurltemporal.com/main/triatletasenred.sport.es\/wp-json\/wp\/v2\/posts"}],"about":[{"href":"https:\/\/miurltemporal.com/main/triatletasenred.sport.es\/wp-json\/wp\/v2\/types\/post"}],"author":[{"embeddable":true,"href":"https:\/\/miurltemporal.com/main/triatletasenred.sport.es\/wp-json\/wp\/v2\/users\/6"}],"replies":[{"embeddable":true,"href":"https:\/\/miurltemporal.com/main/triatletasenred.sport.es\/wp-json\/wp\/v2\/comments?post=26464"}],"version-history":[{"count":0,"href":"https:\/\/miurltemporal.com/main/triatletasenred.sport.es\/wp-json\/wp\/v2\/posts\/26464\/revisions"}],"wp:featuredmedia":[{"embeddable":true,"href":"https:\/\/miurltemporal.com/main/triatletasenred.sport.es\/wp-json\/wp\/v2\/media\/26570"}],"wp:attachment":[{"href":"https:\/\/miurltemporal.com/main/triatletasenred.sport.es\/wp-json\/wp\/v2\/media?parent=26464"}],"wp:term":[{"taxonomy":"category","embeddable":true,"href":"https:\/\/miurltemporal.com/main/triatletasenred.sport.es\/wp-json\/wp\/v2\/categories?post=26464"},{"taxonomy":"post_tag","embeddable":true,"href":"https:\/\/miurltemporal.com/main/triatletasenred.sport.es\/wp-json\/wp\/v2\/tags?post=26464"}],"curies":[{"name":"wp","href":"https:\/\/api.w.org\/{rel}","templated":true}]}}