{"id":26427,"date":"2014-08-31T02:30:01","date_gmt":"2014-08-31T00:30:01","guid":{"rendered":"http:\/\/triatletasenred.com\/?p=26427"},"modified":"2014-08-31T02:30:01","modified_gmt":"2014-08-31T00:30:01","slug":"des-moines-pone-a-prueba-a-ivan-rana","status":"publish","type":"post","link":"https:\/\/miurltemporal.com/main/triatletasenred.sport.es\/competiciones\/des-moines-pone-a-prueba-a-ivan-rana\/","title":{"rendered":"Des Moines pone a prueba a Iv\u00e1n Ra\u00f1a"},"content":{"rendered":"<h5 style=\"text-align: justify;\">El triatleta gallego participar\u00e1 este domingo en el 51.50 Hy-Vee triathlon de Des Moines, en Estados Unidos. La prueba, que se disputa sobre distancia ol\u00edmpica, no permite el drafting en el sector de ciclismo y reparte 100.000 dolares al ganador.<\/h5>\n<p style=\"text-align: justify;\">Inmerso en su preparaci\u00f3n para el Ironman de Haw\u00e1ii, Iv\u00e1n Ra\u00f1a ha hecho un\u00a0alto\u00a0en el camino\u00a0para volar este fin de semana a Estados Unidos y\u00a0competir en el Hy-Vee Triathlon de Des Moines. El gallego se ha pasado el mes de agosto entrenando en Sands Beach de Lanzarote y terminar\u00e1 su preparaci\u00f3n para el campeonato del mundo Ironman de Kona del mes de octubre en su Galicia natal.<\/p>\n<p style=\"text-align: justify;\">Ra\u00f1a parte este domingo como uno de los favoritos en la cita americana, donde ya gan\u00f3 su compatriota Javier G\u00f3mez Noya en 2012 y 2013. El triple campe\u00f3n del mundo no acudir\u00e1 en esta ocasi\u00f3n al encontrarse en Canad\u00e1 disputando el t\u00edtulo de las Series Mundiales. El calor y la humedad se unen a la prohibici\u00f3n del drafting como condicionantes principales de la prueba, que reparte 500.000 dolares en premios. Ra\u00f1a, ganador este a\u00f1o del Ironman de Austria con un tiempo de 7 horas y 48 minutos, se enfrenta a uno de los \u00faltimos tests para el Ironman de Kona. Bevan Docherty ser\u00e1 uno de sus principales rivales.<\/p>\n<p style=\"text-align: justify;\">La carrera arrancar\u00e1 a las 13:45 horas (territorio espa\u00f1ol).<\/p>\n<p style=\"text-align: justify;\">Foto: Argon 18 (www.argon18bike.com)<\/p>\n","protected":false},"excerpt":{"rendered":"<p>El triatleta gallego participar\u00e1 este domingo en el 51.50 Hy-Vee triathlon de Des Moines, en Estados Unidos. La prueba, que se disputa sobre distancia ol\u00edmpica, no permite el drafting en el sector de ciclismo y reparte 100.000 dolares al ganador. Inmerso en su preparaci\u00f3n para el Ironman de Haw\u00e1ii, Iv\u00e1n Ra\u00f1a ha hecho un\u00a0alto\u00a0en el [&hellip;]<\/p>\n","protected":false},"author":12,"featured_media":26428,"comment_status":"open","ping_status":"open","sticky":false,"template":"","format":"standard","meta":{"_acf_changed":false,"rank_math_lock_modified_date":false,"footnotes":""},"categories":[19,1191],"tags":[2448,2447,2446,404,403,1225,2010,923],"class_list":{"0":"post-26427","1":"post","2":"type-post","3":"status-publish","4":"format-standard","5":"has-post-thumbnail","7":"category-competiciones","8":"category-triatlon","9":"tag-des-moines","10":"tag-eeuu","11":"tag-hy-vee-triathlon","12":"tag-ironman","13":"tag-ivan-rana","14":"tag-pablo-bosch","15":"tag-tiratlon","16":"tag-triathlon"},"acf":[],"_links":{"self":[{"href":"https:\/\/miurltemporal.com/main/triatletasenred.sport.es\/wp-json\/wp\/v2\/posts\/26427"}],"collection":[{"href":"https:\/\/miurltemporal.com/main/triatletasenred.sport.es\/wp-json\/wp\/v2\/posts"}],"about":[{"href":"https:\/\/miurltemporal.com/main/triatletasenred.sport.es\/wp-json\/wp\/v2\/types\/post"}],"author":[{"embeddable":true,"href":"https:\/\/miurltemporal.com/main/triatletasenred.sport.es\/wp-json\/wp\/v2\/users\/12"}],"replies":[{"embeddable":true,"href":"https:\/\/miurltemporal.com/main/triatletasenred.sport.es\/wp-json\/wp\/v2\/comments?post=26427"}],"version-history":[{"count":0,"href":"https:\/\/miurltemporal.com/main/triatletasenred.sport.es\/wp-json\/wp\/v2\/posts\/26427\/revisions"}],"wp:featuredmedia":[{"embeddable":true,"href":"https:\/\/miurltemporal.com/main/triatletasenred.sport.es\/wp-json\/wp\/v2\/media\/26428"}],"wp:attachment":[{"href":"https:\/\/miurltemporal.com/main/triatletasenred.sport.es\/wp-json\/wp\/v2\/media?parent=26427"}],"wp:term":[{"taxonomy":"category","embeddable":true,"href":"https:\/\/miurltemporal.com/main/triatletasenred.sport.es\/wp-json\/wp\/v2\/categories?post=26427"},{"taxonomy":"post_tag","embeddable":true,"href":"https:\/\/miurltemporal.com/main/triatletasenred.sport.es\/wp-json\/wp\/v2\/tags?post=26427"}],"curies":[{"name":"wp","href":"https:\/\/api.w.org\/{rel}","templated":true}]}}