{"id":26317,"date":"2014-08-26T06:27:06","date_gmt":"2014-08-26T05:27:06","guid":{"rendered":"http:\/\/triatletasenred.com\/?p=26317"},"modified":"2014-08-26T06:39:29","modified_gmt":"2014-08-26T05:39:29","slug":"inverse-celebra-por-todo-lo-alto-el-10-aniversario-de-su-presencia-en-eurobike","status":"publish","type":"post","link":"https:\/\/miurltemporal.com/main/triatletasenred.sport.es\/en-red\/inverse-celebra-por-todo-lo-alto-el-10-aniversario-de-su-presencia-en-eurobike\/","title":{"rendered":"Inverse celebra por todo lo alto, el 10 aniversario de su presencia en Eurobike"},"content":{"rendered":"<h5 style=\"text-align: justify;\">Inverse se presenta en la feria Eurobike con una renovada imagen corporativa, con una nueva e innovadora web y tambi\u00e9n con una nueva gama de ropa de colecci\u00f3n y personalizada para el ciclismo, el triatl\u00f3n, el running y el trail.<\/h5>\n<p style=\"text-align: justify;\">Inverse, 10 a\u00f1os despu\u00e9s, sigue siendo fiel a su cita de presentar sus novedades de ropa personalizada\u00a0 en Eurobike, la feria mundial sobre el ciclismo que se celebra cada a\u00f1o a finales de agosto en Friedrichshafen (Alemania).<\/p>\n<p style=\"text-align: justify;\">La marca de Barcelona se presenta en Alemania con una renovada imagen corporativa como resultado de su deseo de convertirse en la marca de referencia a nivel mundial de ropa personalizada para todos los deportistas profesionales y aficionados del ciclismo, triatl\u00f3n, running y trail.<\/p>\n<p style=\"text-align: justify;\">Otra gran novedad es una nueva web corporativa <a href=\"http:\/\/www.inverseteams.com\/\" rel=\"nofollow noopener\" target=\"_blank\">www.inverseteams.com<\/a><span style=\"text-decoration: underline;\">\u00a0<\/span>(operativa durante la primera quincena de septiembre de 2014), orientada a dar un mejor servicio a todos los deportistas que solicitan un presupuesto de ropa personalizada y desean tener la m\u00e1xima informaci\u00f3n de nuestros productos. La nueva web tambi\u00e9n quiere fomentar y dinamizar la \u201cComunidad Inverse\u201d que forman todos los seguidores de la marca a trav\u00e9s de las redes sociales. Tambi\u00e9n existe un apartado en donde se explica la implicaci\u00f3n hist\u00f3rica de la empresa y de su fundador, Joaquim Sabat\u00e9, con el ciclismo desde los a\u00f1os 60 del siglo XX.<\/p>\n<p style=\"text-align: justify;\">Tambi\u00e9n ser\u00e1 presentada de nuevo en Eurobike, la actualizaci\u00f3n de la aplicaci\u00f3n <a href=\"http:\/\/www.inversecustom.com\/\" rel=\"nofollow noopener\" target=\"_blank\">www.inversecustom.com<\/a>\u00a0 que a parte de permitir que los ciclistas puedan dise\u00f1arse su propia equipaci\u00f3n con vistas reales, tambi\u00e9n lo puedan hacer los deportistas de triatl\u00f3n y running.<\/p>\n<p style=\"text-align: justify;\">Las nuevas tendencias de sus nuevos dise\u00f1os de ropa de colecci\u00f3n y personalizada ser\u00e1n presentadas en su estand (Hall B5 Stand 301) y, especialmente, en el espectacular show de danza y m\u00fasica que, c\u00f3mo cada a\u00f1o, Inverse presenta con gran expectaci\u00f3n por parte del p\u00fablico internacional que se junta en el auditorio de Eurobike.<\/p>\n<h6><em>Inverse en Eurobike 2013<\/em><\/h6>\n<div><span style=\"color: #000000;\">[youtube id=&#8221;l6hjblkFCKA&#8221; width=&#8221;620&#8243; height=&#8221;360&#8243;]<\/span><\/div>\n<h6>\u00a0<em>Show Inverse en Eurobike 2013<\/em><\/h6>\n<div><span style=\"color: #000000;\">[youtube id=&#8221;e0kF-biasUI&#8221; width=&#8221;620&#8243; height=&#8221;360&#8243;]<\/span><\/div>\n<h6><em>Presentaci\u00f3n de Inversecustom en Eurobike 2013<\/em><\/h6>\n<div><span style=\"color: #000000;\">[youtube id=&#8221;5VN0Vz4PA-4&#8243; width=&#8221;620&#8243; height=&#8221;360&#8243;]<\/span><\/div>\n<div><\/div>\n<div><img fetchpriority=\"high\" decoding=\"async\" class=\"alignnone\" src=\"https:\/\/dl.dropboxusercontent.com\/u\/3879676\/triATLETAS\/imatges\/varies\/flyer_eurobike_2014.jpg\" alt=\"\" width=\"595\" height=\"842\" \/><\/div>\n","protected":false},"excerpt":{"rendered":"<p>Inverse se presenta en la feria Eurobike con una renovada imagen corporativa, con una nueva e innovadora web y tambi\u00e9n con una nueva gama de ropa de colecci\u00f3n y personalizada para el ciclismo, el triatl\u00f3n, el running y el trail. Inverse, 10 a\u00f1os despu\u00e9s, sigue siendo fiel a su cita de presentar sus novedades de [&hellip;]<\/p>\n","protected":false},"author":6,"featured_media":26318,"comment_status":"open","ping_status":"open","sticky":false,"template":"","format":"standard","meta":{"_acf_changed":false,"rank_math_lock_modified_date":false,"footnotes":""},"categories":[16],"tags":[],"class_list":{"0":"post-26317","1":"post","2":"type-post","3":"status-publish","4":"format-standard","5":"has-post-thumbnail","7":"category-en-red"},"acf":[],"_links":{"self":[{"href":"https:\/\/miurltemporal.com/main/triatletasenred.sport.es\/wp-json\/wp\/v2\/posts\/26317"}],"collection":[{"href":"https:\/\/miurltemporal.com/main/triatletasenred.sport.es\/wp-json\/wp\/v2\/posts"}],"about":[{"href":"https:\/\/miurltemporal.com/main/triatletasenred.sport.es\/wp-json\/wp\/v2\/types\/post"}],"author":[{"embeddable":true,"href":"https:\/\/miurltemporal.com/main/triatletasenred.sport.es\/wp-json\/wp\/v2\/users\/6"}],"replies":[{"embeddable":true,"href":"https:\/\/miurltemporal.com/main/triatletasenred.sport.es\/wp-json\/wp\/v2\/comments?post=26317"}],"version-history":[{"count":0,"href":"https:\/\/miurltemporal.com/main/triatletasenred.sport.es\/wp-json\/wp\/v2\/posts\/26317\/revisions"}],"wp:featuredmedia":[{"embeddable":true,"href":"https:\/\/miurltemporal.com/main/triatletasenred.sport.es\/wp-json\/wp\/v2\/media\/26318"}],"wp:attachment":[{"href":"https:\/\/miurltemporal.com/main/triatletasenred.sport.es\/wp-json\/wp\/v2\/media?parent=26317"}],"wp:term":[{"taxonomy":"category","embeddable":true,"href":"https:\/\/miurltemporal.com/main/triatletasenred.sport.es\/wp-json\/wp\/v2\/categories?post=26317"},{"taxonomy":"post_tag","embeddable":true,"href":"https:\/\/miurltemporal.com/main/triatletasenred.sport.es\/wp-json\/wp\/v2\/tags?post=26317"}],"curies":[{"name":"wp","href":"https:\/\/api.w.org\/{rel}","templated":true}]}}