{"id":26095,"date":"2014-08-19T06:30:15","date_gmt":"2014-08-19T05:30:15","guid":{"rendered":"http:\/\/triatletasenred.com\/?p=26095"},"modified":"2014-08-25T07:16:55","modified_gmt":"2014-08-25T06:16:55","slug":"travesias-cronica-de-la-travesia-de-sant-feliu-de-guixols-2014","status":"publish","type":"post","link":"https:\/\/miurltemporal.com/main/triatletasenred.sport.es\/travesias\/travesias-cronica-de-la-travesia-de-sant-feliu-de-guixols-2014\/","title":{"rendered":"TRAVESIAS: Cr\u00f3nica de la traves\u00eda de Sant Feliu de Gu\u00edxols 2014"},"content":{"rendered":"<h5 style=\"text-align: justify;\">\u00c9xito de participaci\u00f3n, en la 41 edici\u00f3n de la traves\u00eda de Sant Feliu de Gu\u00edxols, organizada por el Aqu\u00e0tic Club Xaloc<\/h5>\n<p><a style=\"font-weight: bold; color: #444444;\" href=\"https:\/\/twitter.com\/Ultraquim\" target=\"_blank\" rel=\"nofollow noopener\"><img fetchpriority=\"high\" decoding=\"async\" class=\"aligncenter\" style=\"font-weight: inherit; font-style: inherit;\" src=\"https:\/\/dl.dropboxusercontent.com\/u\/3879676\/triATLETAS\/imatges\/colaboradores\/Banners\/Ultraquim.jpg\" alt=\"\" width=\"557\" height=\"103\" \/><\/a><\/p>\n<p style=\"text-align: justify;\">Las pocas plazas que quedaban para la distancia m\u00e1s larga, se agotaron al poco de abrir inscripciones presenciales. Cerca de 400 fueron los participantes, sumando las dos modalidades de traves\u00eda.<\/p>\n<p style=\"text-align: justify;\">La traves\u00eda de 1.100 metros, ofrec\u00eda dos posibilidades para ir hasta la salida. Caminando en paralelo al trayecto que despu\u00e9s se nadaba o nadando. No fueron pocos los nadadores que aprovecharon la segunda opci\u00f3n para nadar sin prisas, sin la adrenalina disparada de la competici\u00f3n, pudiendo disfrutar de los acantilados rocosos, paisaje cien por cien Costa Brava y descubriendo los secretos, que el mar les quiso mostrar.<\/p>\n<p style=\"text-align: justify;\">M\u00e1s de 300 nadadores tomaron la salida, de los 1.100 metros, que era desde el agua. Con buena mar, en una jornada soleada de verano. Recorrido balizado por boyas, protegidos y guiados por kayaks y embarcaciones. Sin incidencias ni abandonos.<\/p>\n<p style=\"text-align: justify;\">La traves\u00eda m\u00e1s popular y corta, de 400 metros, con recorrido dentro de la bah\u00eda de Sant Feliu de Gu\u00edxols, participaron 79 nadadores, de todas las edades. Un bonito espect\u00e1culo, contemplar padres e hijos, disfrutando juntos del mar.<\/p>\n<p style=\"text-align: justify;\">En categor\u00eda masculina el ganador fue Hector Ruiz con 12&#8217;46&#8221;, seguido por Quim Bofill, 12&#8217;55&#8221; y completando podio Bernat Padilla, 13\u201921\u201d. En modalidad femenina la vencedora fue Marina S\u00e1nchez, 13&#8217;50&#8221;, en segunda posici\u00f3n S\u00f2nia Fargas, 14&#8217;33&#8221; y seguida muy de cerca, Anna Carri\u00f3n, 14&#8217;34&#8221;.<\/p>\n<h6 style=\"text-align: justify;\"><a href=\"http:\/\/www.clubaquaticxaloc.com\/images\/PDF\/Resultats\/Travessia_2014\/Classificaci%201.100m%20General.pdf\" rel=\"nofollow noopener\" target=\"_blank\">Clasificaci\u00f3n general 1.100 metros<\/a><\/h6>\n<h6 style=\"text-align: justify;\"><a href=\"http:\/\/www.clubaquaticxaloc.com\/images\/PDF\/Resultats\/Travessia_2014\/Classificaci%20400m%20General.pdf\" rel=\"nofollow noopener\" target=\"_blank\">Clasificaci\u00f3n general 400 metros<\/a><\/h6>\n<p><a class=\"vc_btn vc_btn-pink vc_btn-sm vc_btn_square \" href=\"http:\/\/www.ultraquim.net\/\" rel=\"nofollow noopener\" target=\"_blank\">ESPACIO DE ULTRAQUIM<\/a><br \/>\n<a class=\"vc_btn vc_btn-pink vc_btn-sm vc_btn_square \" href=\"https:\/\/twitter.com\/ultraquim\" rel=\"nofollow noopener\" target=\"_blank\">@ultraquim<\/a><\/p>\n<p style=\"text-align: justify;\">\n","protected":false},"excerpt":{"rendered":"<p>\u00c9xito de participaci\u00f3n, en la 41 edici\u00f3n de la traves\u00eda de Sant Feliu de Gu\u00edxols, organizada por el Aqu\u00e0tic Club Xaloc Las pocas plazas que quedaban para la distancia m\u00e1s larga, se agotaron al poco de abrir inscripciones presenciales. Cerca de 400 fueron los participantes, sumando las dos modalidades de traves\u00eda. La traves\u00eda de 1.100 [&hellip;]<\/p>\n","protected":false},"author":7,"featured_media":26099,"comment_status":"open","ping_status":"open","sticky":false,"template":"","format":"standard","meta":{"_acf_changed":false,"rank_math_lock_modified_date":false,"footnotes":""},"categories":[517],"tags":[87,318,814,461,990,114,838,1371,41],"class_list":{"0":"post-26095","1":"post","2":"type-post","3":"status-publish","4":"format-standard","5":"has-post-thumbnail","7":"category-travesias","8":"tag-natacion","9":"tag-natacion-aguas-abiertas","10":"tag-sant-feliu-de-guixols","11":"tag-swim","12":"tag-swim-open-sea","13":"tag-travesia","14":"tag-travesias-2","15":"tag-travessa","16":"tag-ultraquim"},"acf":[],"_links":{"self":[{"href":"https:\/\/miurltemporal.com/main/triatletasenred.sport.es\/wp-json\/wp\/v2\/posts\/26095"}],"collection":[{"href":"https:\/\/miurltemporal.com/main/triatletasenred.sport.es\/wp-json\/wp\/v2\/posts"}],"about":[{"href":"https:\/\/miurltemporal.com/main/triatletasenred.sport.es\/wp-json\/wp\/v2\/types\/post"}],"author":[{"embeddable":true,"href":"https:\/\/miurltemporal.com/main/triatletasenred.sport.es\/wp-json\/wp\/v2\/users\/7"}],"replies":[{"embeddable":true,"href":"https:\/\/miurltemporal.com/main/triatletasenred.sport.es\/wp-json\/wp\/v2\/comments?post=26095"}],"version-history":[{"count":0,"href":"https:\/\/miurltemporal.com/main/triatletasenred.sport.es\/wp-json\/wp\/v2\/posts\/26095\/revisions"}],"wp:featuredmedia":[{"embeddable":true,"href":"https:\/\/miurltemporal.com/main/triatletasenred.sport.es\/wp-json\/wp\/v2\/media\/26099"}],"wp:attachment":[{"href":"https:\/\/miurltemporal.com/main/triatletasenred.sport.es\/wp-json\/wp\/v2\/media?parent=26095"}],"wp:term":[{"taxonomy":"category","embeddable":true,"href":"https:\/\/miurltemporal.com/main/triatletasenred.sport.es\/wp-json\/wp\/v2\/categories?post=26095"},{"taxonomy":"post_tag","embeddable":true,"href":"https:\/\/miurltemporal.com/main/triatletasenred.sport.es\/wp-json\/wp\/v2\/tags?post=26095"}],"curies":[{"name":"wp","href":"https:\/\/api.w.org\/{rel}","templated":true}]}}