{"id":25840,"date":"2014-08-07T10:55:53","date_gmt":"2014-08-07T09:55:53","guid":{"rendered":"http:\/\/triatletasenred.com\/?p=25840"},"modified":"2014-08-18T01:30:49","modified_gmt":"2014-08-18T00:30:49","slug":"todo-listo-para-la-copa-del-mundo-de-tiszaujvaros","status":"publish","type":"post","link":"https:\/\/miurltemporal.com/main/triatletasenred.sport.es\/actualidad\/todo-listo-para-la-copa-del-mundo-de-tiszaujvaros\/","title":{"rendered":"Todo listo para la Copa del Mundo de Tiszaujvaros"},"content":{"rendered":"<h5 style=\"text-align: justify;\">Vuelve una de las Copas del Mundo con m\u00e1s tradici\u00f3n. La ciudad de Tiszaujvaros acoge este fin de semana una de las competiciones m\u00e1s longevas del calendario ITU. Un total de seis espa\u00f1oles se desplazan a Hungr\u00eda para competir. Cesc Godoy, que el a\u00f1o pasado logr\u00f3 un excelente segundo puesto, buscar\u00e1 repetir resultado.<\/h5>\n<p style=\"text-align: justify;\">La localidad h\u00fangara de Tiszaujvaros se vuelve a vestir de gala para recibir una fiesta triatl\u00e9tica que dura una semana. La \u00e9lite competir\u00e1 en dos d\u00edas en una modalidad clasificatoria. El s\u00e1bado se disputar\u00e1n las clasificatorias y el domingo, las carreras que definir\u00e1n a los ganadores. Los triatletas disputar\u00e1n el s\u00e1bado tres salidas, cada veinte minutos, tanto en categor\u00eda masculina como femenina y sobre distancia sprint. Las competiciones finales se disputar\u00e1n el domingo, a las 15:45 en categor\u00eda femenina y a las 17:10 en categor\u00eda masculina, hora local, y tambi\u00e9n sobre distancia sprint.<\/p>\n<p style=\"text-align: justify;\">En categor\u00eda masculina, Cesc Godoy, Vicente Hern\u00e1ndez y Jaime Garrido componen la delegaci\u00f3n espa\u00f1ola. El catal\u00e1n, que el a\u00f1o pasado logr\u00f3 una excelente segunda posici\u00f3n, su mejor resultado en una Copa del Mundo, buscar\u00e1 mejorar el resultado en Hungr\u00eda. Sus principales rivales ser\u00e1n el eslovaco Richard Varga, Luciano Taccone o los hermanos Polyanski, Igor y Dmitry.<\/p>\n<p style=\"text-align: justify;\">Por su parte, en categor\u00eda femenina, Carolina Routier encabeza la delegaci\u00f3n espa\u00f1ola acompa\u00f1ada de Ana Mariblanca y Miriam Casillas, que este a\u00f1o est\u00e1 haciendo una gran progresi\u00f3n.<\/p>\n<p style=\"text-align: justify;\">Foto: ITU Media<\/p>\n","protected":false},"excerpt":{"rendered":"<p>Vuelve una de las Copas del Mundo con m\u00e1s tradici\u00f3n. La ciudad de Tiszaujvaros acoge este fin de semana una de las competiciones m\u00e1s longevas del calendario ITU. Un total de seis espa\u00f1oles se desplazan a Hungr\u00eda para competir. Cesc Godoy, que el a\u00f1o pasado logr\u00f3 un excelente segundo puesto, buscar\u00e1 repetir resultado. La localidad [&hellip;]<\/p>\n","protected":false},"author":12,"featured_media":25841,"comment_status":"open","ping_status":"open","sticky":false,"template":"","format":"standard","meta":{"_acf_changed":false,"rank_math_lock_modified_date":false,"footnotes":""},"categories":[17,19,1191],"tags":[1160,2231,2378,2379,923,24,2377],"class_list":{"0":"post-25840","1":"post","2":"type-post","3":"status-publish","4":"format-standard","5":"has-post-thumbnail","7":"category-actualidad","8":"category-competiciones","9":"category-triatlon","10":"tag-godoy","11":"tag-hernandez","12":"tag-hungria","13":"tag-tiszaujvaros","14":"tag-triathlon","15":"tag-triatlon","16":"tag-world-cup"},"acf":[],"_links":{"self":[{"href":"https:\/\/miurltemporal.com/main/triatletasenred.sport.es\/wp-json\/wp\/v2\/posts\/25840"}],"collection":[{"href":"https:\/\/miurltemporal.com/main/triatletasenred.sport.es\/wp-json\/wp\/v2\/posts"}],"about":[{"href":"https:\/\/miurltemporal.com/main/triatletasenred.sport.es\/wp-json\/wp\/v2\/types\/post"}],"author":[{"embeddable":true,"href":"https:\/\/miurltemporal.com/main/triatletasenred.sport.es\/wp-json\/wp\/v2\/users\/12"}],"replies":[{"embeddable":true,"href":"https:\/\/miurltemporal.com/main/triatletasenred.sport.es\/wp-json\/wp\/v2\/comments?post=25840"}],"version-history":[{"count":0,"href":"https:\/\/miurltemporal.com/main/triatletasenred.sport.es\/wp-json\/wp\/v2\/posts\/25840\/revisions"}],"wp:featuredmedia":[{"embeddable":true,"href":"https:\/\/miurltemporal.com/main/triatletasenred.sport.es\/wp-json\/wp\/v2\/media\/25841"}],"wp:attachment":[{"href":"https:\/\/miurltemporal.com/main/triatletasenred.sport.es\/wp-json\/wp\/v2\/media?parent=25840"}],"wp:term":[{"taxonomy":"category","embeddable":true,"href":"https:\/\/miurltemporal.com/main/triatletasenred.sport.es\/wp-json\/wp\/v2\/categories?post=25840"},{"taxonomy":"post_tag","embeddable":true,"href":"https:\/\/miurltemporal.com/main/triatletasenred.sport.es\/wp-json\/wp\/v2\/tags?post=25840"}],"curies":[{"name":"wp","href":"https:\/\/api.w.org\/{rel}","templated":true}]}}