{"id":25365,"date":"2014-07-24T05:26:19","date_gmt":"2014-07-24T04:26:19","guid":{"rendered":"http:\/\/triatletasenred.com\/?p=25365"},"modified":"2014-07-31T06:52:28","modified_gmt":"2014-07-31T05:52:28","slug":"la-fetri-presenta-su-calendario-para-2015","status":"publish","type":"post","link":"https:\/\/miurltemporal.com/main/triatletasenred.sport.es\/actualidad\/la-fetri-presenta-su-calendario-para-2015\/","title":{"rendered":"La FETRI presenta su calendario para 2015"},"content":{"rendered":"<h5 style=\"text-align: justify;\">La Federaci\u00f3n Espa\u00f1ola de Triatl\u00f3n ha dado a conocer este mi\u00e9rcoles el que ser\u00e1 el calendario de competiciones para la pr\u00f3xima temporada. A pesar de no definir todas las sedes ni las fechas, la FETRI ya sit\u00faa las m\u00e1s importantes pruebas de la temporada para que los triatletas puedan planificarse cuanto antes.<\/h5>\n<p><img decoding=\"async\" class=\"aligncenter\" src=\"https:\/\/dl.dropboxusercontent.com\/u\/31969244\/ATRIENRED\/fotos%20TER\/pablo.jpg\" alt=\"\" \/><\/p>\n<p style=\"text-align: justify;\">La presente temporada no he echado el cierre y la FETRI ya ha presentado c\u00f3mo se van a configurar las diferentes pruebas a lo largo del extenso calendario. Una iniciativa que ha tenido buena aceptaci\u00f3n y que busca asentar los pilares de las diversas sedes que ya han acogido pruebas en las anteriores temporadas.<\/p>\n<p style=\"text-align: justify;\">Las competiciones arrancar\u00e1n en Reinosa-Alto Campoo con la disputa del Campeonato de Espa\u00f1a de Triatl\u00f3n de invierno a finales de enero o principios de febrero, manteniendo la sede de la presente temporada. A continuaci\u00f3n, el 22 de febrero tendr\u00e1 lugar el Campeonato de Espa\u00f1a de Duatl\u00f3n de Larga Distancia, que repite sede en Orihuela. De esta manera se reflota una competici\u00f3n que no se disputaba desde 2002. Tras un mes de marzo sin competiciones, Soria acoger\u00e1 el Campeonato de Espa\u00f1a de Duatl\u00f3n en distancia Sprint la primera quincena de abril. La siguiente prueba ser\u00e1 en mayo, con la disputa de la Copa del Rey y el Campeonato de Espa\u00f1a de Triatl\u00f3n por relevos el 9 y 10 de mayo en Oropesa (Castell\u00f3n).<\/p>\n<p style=\"text-align: justify;\">Ya de lleno en verano, durante la primera quincena de junio se celebrar\u00e1 en Pontevedra el Campeonato de Espa\u00f1a de Triatl\u00f3n en distancia Sprint y el Campeonato de Espa\u00f1a de Acuatl\u00f3n, que coge el testigo de Altafulla. Precisamente la ciudad catalana acoger\u00e1 en la primera quincena de septiembre el Campeonato de Espa\u00f1a de Triatl\u00f3n en distancia Ol\u00edmpica, despu\u00e9s de dos a\u00f1os siendo sede de los campeonatos en distancia sprint. Antes, el 28 de junio, se celebrar\u00e1 en Valencia el Campeonato de Espa\u00f1a de Triatl\u00f3n de media distancia.<\/p>\n<p style=\"text-align: justify;\">En el mes de septiembre, adem\u00e1s del Campeonato de Espa\u00f1a de Triatl\u00f3n en distancia Ol\u00edmpica que se disputar\u00e1 en Altafulla, se celebrar\u00e1 el Campeonato de Espa\u00f1a de Triatl\u00f3n por Clubes en la localidad de Aguilas (Murcia) entre los d\u00edas 27 y 28 de septiembre. La temporada la cerrar\u00e1 el Campeonato de Espa\u00f1a de Triatl\u00f3n de Larga Distancia, que se disputar\u00e1 en la isla de Ibiza en el mes de octubre.<\/p>\n<p style=\"text-align: justify;\">Con fecha por fijar, y continuando en Avil\u00e9s (Asturias), el Centro Niemeyer volver\u00e1 a acoger el Campeonato de Espa\u00f1a de Duatl\u00f3n Contrarreloj por equipos y el Campeonato de Espa\u00f1a por relevos. Por otro lado, tambi\u00e9n se disputar\u00e1 el Campeonato de Espa\u00f1a de Cuadriatl\u00f3n, una modalidad que se recupera tras varios a\u00f1os de ausencia. La FETRI ha decidido reflotar esta competici\u00f3n, que se celebrar\u00e1 en Santo\u00f1a (Cantabria) en una fecha todav\u00eda por definir y con un proyecto que se mantendr\u00e1 durante los pr\u00f3ximos tres a\u00f1os.<\/p>\n<p style=\"text-align: justify;\">Sin embargo, hay diversas pruebas en las que no se ha definido ni la fecha ni la sede donde se disputar\u00e1n. Es el caso del Campeonato de Espa\u00f1a de Duatl\u00f3n y Triatl\u00f3n Cros, que en 2014 se disputaron en Calella (Catalunya) y que se confirmar\u00e1n en las pr\u00f3ximas semanas.<\/p>\n<p style=\"text-align: justify;\">Adem\u00e1s, Espa\u00f1a vuelve a acoger competiciones internacionales de primer nivel con la disputa del Campeonato de Europa de Duatl\u00f3n, que se disputar\u00e1 en Alcobendas en el mes de abril, y con las competiciones que a\u00f1o tras a\u00f1o acogen las ciudades de Banyoles y Madrid.<\/p>\n<a class=\"vc_btn vc_btn-orange vc_btn-sm vc_btn_square \" href=\"https:\/\/twitter.com\/PabloBoschG\" rel=\"nofollow noopener\" target=\"_blank\">@PabloBoschG<\/a>\n<p>Foto:\u00a0FETRI<\/p>\n<p><a style=\"font-weight: bold; color: #444444;\" href=\"http:\/\/www.esportissim.com\/\" rel=\"nofollow noopener\" target=\"_blank\"><img decoding=\"async\" class=\"aligncenter\" style=\"font-weight: inherit; font-style: inherit;\" src=\"https:\/\/dl.dropboxusercontent.com\/u\/31969244\/ATRIENRED\/esportissim.jpg\" alt=\"\" width=\"529\" height=\"58\" \/><\/a><\/p>\n","protected":false},"excerpt":{"rendered":"<p>La Federaci\u00f3n Espa\u00f1ola de Triatl\u00f3n ha dado a conocer este mi\u00e9rcoles el que ser\u00e1 el calendario de competiciones para la pr\u00f3xima temporada. A pesar de no definir todas las sedes ni las fechas, la FETRI ya sit\u00faa las m\u00e1s importantes pruebas de la temporada para que los triatletas puedan planificarse cuanto antes. La presente temporada [&hellip;]<\/p>\n","protected":false},"author":12,"featured_media":25366,"comment_status":"open","ping_status":"open","sticky":false,"template":"","format":"standard","meta":{"_acf_changed":false,"rank_math_lock_modified_date":false,"footnotes":""},"categories":[17,1191],"tags":[565,1225,24],"class_list":{"0":"post-25365","1":"post","2":"type-post","3":"status-publish","4":"format-standard","5":"has-post-thumbnail","7":"category-actualidad","8":"category-triatlon","9":"tag-fetri","10":"tag-pablo-bosch","11":"tag-triatlon"},"acf":[],"_links":{"self":[{"href":"https:\/\/miurltemporal.com/main/triatletasenred.sport.es\/wp-json\/wp\/v2\/posts\/25365"}],"collection":[{"href":"https:\/\/miurltemporal.com/main/triatletasenred.sport.es\/wp-json\/wp\/v2\/posts"}],"about":[{"href":"https:\/\/miurltemporal.com/main/triatletasenred.sport.es\/wp-json\/wp\/v2\/types\/post"}],"author":[{"embeddable":true,"href":"https:\/\/miurltemporal.com/main/triatletasenred.sport.es\/wp-json\/wp\/v2\/users\/12"}],"replies":[{"embeddable":true,"href":"https:\/\/miurltemporal.com/main/triatletasenred.sport.es\/wp-json\/wp\/v2\/comments?post=25365"}],"version-history":[{"count":0,"href":"https:\/\/miurltemporal.com/main/triatletasenred.sport.es\/wp-json\/wp\/v2\/posts\/25365\/revisions"}],"wp:featuredmedia":[{"embeddable":true,"href":"https:\/\/miurltemporal.com/main/triatletasenred.sport.es\/wp-json\/wp\/v2\/media\/25366"}],"wp:attachment":[{"href":"https:\/\/miurltemporal.com/main/triatletasenred.sport.es\/wp-json\/wp\/v2\/media?parent=25365"}],"wp:term":[{"taxonomy":"category","embeddable":true,"href":"https:\/\/miurltemporal.com/main/triatletasenred.sport.es\/wp-json\/wp\/v2\/categories?post=25365"},{"taxonomy":"post_tag","embeddable":true,"href":"https:\/\/miurltemporal.com/main/triatletasenred.sport.es\/wp-json\/wp\/v2\/tags?post=25365"}],"curies":[{"name":"wp","href":"https:\/\/api.w.org\/{rel}","templated":true}]}}