{"id":25345,"date":"2014-07-23T06:37:25","date_gmt":"2014-07-23T05:37:25","guid":{"rendered":"http:\/\/triatletasenred.com\/?p=25345"},"modified":"2016-02-26T19:47:46","modified_gmt":"2016-02-26T17:47:46","slug":"previa-de-las-skoda-triathlon-series-de-andorra","status":"publish","type":"post","link":"https:\/\/miurltemporal.com/main/triatletasenred.sport.es\/competiciones\/triatlon\/previa-de-las-skoda-triathlon-series-de-andorra\/","title":{"rendered":"Previa de las Skoda Triathlon Series de Andorra"},"content":{"rendered":"<h5 style=\"text-align: justify;\">El mayor circuito nacional de triatl\u00f3n popular aterriza este fin de semana en un marco incomparable. El domingo, los Pirineos ser\u00e1n testigos de la cuarta parada de las Skoda Triathlon Series. Un a\u00f1o m\u00e1s, la cita andorrana se mantiene como una de las m\u00e1s espectaculares y atractivas de la temporada. Ocio y triatl\u00f3n unido en un fin de semana.<\/h5>\n<p style=\"text-align: justify;\">Si ya es espectacular competir en triatl\u00f3n imag\u00ednate hacerlo en Andorra, nadando en el lago de Engolasters o rodando por las sinuosas carreteras del Principado. Andorra se prepara este fin de semana para acoger un gran n\u00famero de triatletas dispuestos a seguir superando retos en un escenario por donde entrenan ciclistas de la talla de Purito Rodr\u00edguez. La ciudad pirenaica acoge de esta manera la cuarta cita de la temporada de las Skoda Triathlon Series que promete ser distinta a todas las carreras disputadas hasta ahora.<\/p>\n<p style=\"text-align: justify;\">La competici\u00f3n se podr\u00e1 disputar tanto en la modalidad individual o por relevos y sobre las distancias sprint u\u00a0ol\u00edmpica. De esta forma se consigue el objetivo que se propon\u00eda el circuito antes de empezar la temporada, fundamentado en el deporte para todos. El sector de nataci\u00f3n se disputar\u00e1 en el lago de Engolasters, mientras que el tramo de ciclismo y carrera a pi\u00e9 transcurrir\u00e1 por las inmediaciones de Andorra la Vella, capital del Principado. Adem\u00e1s, durante el sector de bicicleta, los triatletas podr\u00e1n disfrutar de unas estupendas vistas de Andorra.<\/p>\n<p style=\"text-align: justify;\">Con la mejora de las temperaturas en los Pirineos, todo apunta que se disputar\u00e1 sin problemas y se evitar\u00e1 tener que transformar la prueba en duatl\u00f3n, como ya se produjo en la edici\u00f3n de 2013 debido al tard\u00edo deshielo que provoc\u00f3 las bajas temperaturas en el agua. Adem\u00e1s, para todos los triatletas que viajen con intenci\u00f3n de pasar el fin de semana en los Pirineos, la organizaci\u00f3n ha dispuesto una serie de actividades que se podr\u00e1n disfrutar para limar los nervios antes de la prueba. Una mezcla de ocio y triatl\u00f3n, que siempre ha sido de gran agrado para todos los triatletas que han participado en la competici\u00f3n.<\/p>\n","protected":false},"excerpt":{"rendered":"<p>El mayor circuito nacional de triatl\u00f3n popular aterriza este fin de semana en un marco incomparable. El domingo, los Pirineos ser\u00e1n testigos de la cuarta parada de las Skoda Triathlon Series. Un a\u00f1o m\u00e1s, la cita andorrana se mantiene como una de las m\u00e1s espectaculares y atractivas de la temporada. Ocio y triatl\u00f3n unido en [&hellip;]<\/p>\n","protected":false},"author":12,"featured_media":24342,"comment_status":"open","ping_status":"open","sticky":false,"template":"","format":"standard","meta":{"_acf_changed":false,"rank_math_lock_modified_date":false,"footnotes":""},"categories":[1191],"tags":[2275,799,1749,450,3523],"class_list":{"0":"post-25345","1":"post","2":"type-post","3":"status-publish","4":"format-standard","5":"has-post-thumbnail","7":"category-triatlon","8":"tag-triathlonseries","9":"tag-andorra","10":"tag-skoda-triathlon-series","11":"tag-triathlon-series","12":"tag-triatlon-andorra"},"acf":[],"_links":{"self":[{"href":"https:\/\/miurltemporal.com/main/triatletasenred.sport.es\/wp-json\/wp\/v2\/posts\/25345"}],"collection":[{"href":"https:\/\/miurltemporal.com/main/triatletasenred.sport.es\/wp-json\/wp\/v2\/posts"}],"about":[{"href":"https:\/\/miurltemporal.com/main/triatletasenred.sport.es\/wp-json\/wp\/v2\/types\/post"}],"author":[{"embeddable":true,"href":"https:\/\/miurltemporal.com/main/triatletasenred.sport.es\/wp-json\/wp\/v2\/users\/12"}],"replies":[{"embeddable":true,"href":"https:\/\/miurltemporal.com/main/triatletasenred.sport.es\/wp-json\/wp\/v2\/comments?post=25345"}],"version-history":[{"count":0,"href":"https:\/\/miurltemporal.com/main/triatletasenred.sport.es\/wp-json\/wp\/v2\/posts\/25345\/revisions"}],"wp:featuredmedia":[{"embeddable":true,"href":"https:\/\/miurltemporal.com/main/triatletasenred.sport.es\/wp-json\/wp\/v2\/media\/24342"}],"wp:attachment":[{"href":"https:\/\/miurltemporal.com/main/triatletasenred.sport.es\/wp-json\/wp\/v2\/media?parent=25345"}],"wp:term":[{"taxonomy":"category","embeddable":true,"href":"https:\/\/miurltemporal.com/main/triatletasenred.sport.es\/wp-json\/wp\/v2\/categories?post=25345"},{"taxonomy":"post_tag","embeddable":true,"href":"https:\/\/miurltemporal.com/main/triatletasenred.sport.es\/wp-json\/wp\/v2\/tags?post=25345"}],"curies":[{"name":"wp","href":"https:\/\/api.w.org\/{rel}","templated":true}]}}