{"id":25184,"date":"2014-07-16T05:21:01","date_gmt":"2014-07-16T04:21:01","guid":{"rendered":"http:\/\/triatletasenred.com\/?p=25184"},"modified":"2014-07-24T05:33:24","modified_gmt":"2014-07-24T04:33:24","slug":"41a-travesia-sant-feliu-de-guixols-2014","status":"publish","type":"post","link":"https:\/\/miurltemporal.com/main/triatletasenred.sport.es\/travesias\/41a-travesia-sant-feliu-de-guixols-2014\/","title":{"rendered":"41a Traves\u00eda Sant Feliu de Gu\u00edxols 2014"},"content":{"rendered":"<p style=\"text-align: justify;\">Cl\u00e1sica traves\u00eda en aguas abiertas, que va por su edici\u00f3n n\u00famero 41, competitiva y cronometrada con chip, abierta a nadadores federados y no federados a partir de los 12 a\u00f1os, desde la organizaci\u00f3n se aconseja que los nadadores de entre 12 y 14 a\u00f1os, vayan con acompa\u00f1ante.<\/p>\n<p style=\"text-align: justify;\"><a style=\"font-weight: bold; color: #444444;\" href=\"https:\/\/twitter.com\/Ultraquim\" target=\"_blank\" rel=\"nofollow noopener\"><img fetchpriority=\"high\" decoding=\"async\" class=\"aligncenter\" style=\"font-weight: inherit; font-style: inherit;\" src=\"https:\/\/dl.dropboxusercontent.com\/u\/3879676\/triATLETAS\/imatges\/colaboradores\/Banners\/Ultraquim.jpg\" alt=\"\" width=\"557\" height=\"103\" \/><\/a><\/p>\n<ul>\n<li>Domingo 17 de agosto de 2014<\/li>\n<li>Lugar: Sant Feliu de Gu\u00edxols<\/li>\n<li>Organizador: Aqu\u00e0tic Club Xaloc<\/li>\n<li>Distancias: Grande, 1.100 metros. Mini, 400 metros.<\/li>\n<li>08:00 a 09:30 Recogida del dorsal\u00a0 e inscripciones presenciales, en la playa principal de Sant Feliu, a la altura del ayuntamiento.<\/li>\n<li>10:30 Salida traves\u00eda larga, en Port Salvi<\/li>\n<li>11:30 Salida traves\u00eda mini, en la playa grande, al lado de la antigua discoteca Palm Beach.<\/li>\n<li>12:30 Entrega premios traves\u00eda larga.<\/li>\n<li>Servicios: Kayaks y embarcaciones de soporte, guardarrop\u00eda, cronometraje con chip, premios por categor\u00edas en la traves\u00eda larga.<\/li>\n<li>Traves\u00eda larga, 1.100 metros.<\/li>\n<\/ul>\n<p style=\"text-align: justify;\">La salida tendr\u00e1 lugar desde el agua, en Port Salvi, en la Punta de Garb\u00ed, pasando por el exterior del paso entre rocas, llamado El Freu, para reseguir la costa, en un tramo con mucho encanto, la llegada se efectuar\u00e1\u00a0 en la playa principal.<\/p>\n<p style=\"text-align: justify;\">Para llegar a la salida, se puede ir andando, pudiendo ver parte del recorrido que se nadar\u00e1, en la salida hay guardarrop\u00eda, para dejar las bolsas, que luego se encontrar\u00e1n en la llegada.<\/p>\n<p style=\"text-align: justify;\">Los acompa\u00f1antes pueden seguir la traves\u00eda, si lo desean, andando, haciendo el mismo recorrido que los nadadores desde tierra.<\/p>\n<p style=\"text-align: justify;\">Los nadadores de la traves\u00eda larga, que quieran, pueden nadar la traves\u00eda mini, sin posibilidad de premio, pues esta empezar\u00e1 en cuanto acabe la larga, mientras que los inscritos en la mini, solo pueden nadar la mini.<\/p>\n<p style=\"text-align: justify;\">La traves\u00eda mini de\u00a0 400 metros. Incorporada desde el 2011, con muy buena aceptaci\u00f3n, para que todo el mundo\u00a0 pueda disfrutar del ambiente de la competici\u00f3n nadando en el mar.<\/p>\n<p style=\"text-align: justify;\">Salida desde la playa situada enfrente de la antigua discoteca Palm Beach, se sigue el espig\u00f3n, para una vez pasado ir hacia la playa principal, tiene el mismo punto de llegada que la traves\u00eda larga.<\/p>\n<p style=\"text-align: justify;\">En esa fecha, la temperatura del mar suele estar entorno a los 25 grados, incluso un poco m\u00e1s alta, haciendo muy confortable la nataci\u00f3n.<\/p>\n<p style=\"text-align: justify;\">M\u00e1s informaci\u00f3n e inscripciones en: <a href=\"http:\/\/clubaquaticxaloc.com\/ca\/\" rel=\"nofollow noopener\" target=\"_blank\">Club Aqu\u00e0tic Xaloc<\/a><\/p>\n<p style=\"text-align: justify;\"><a class=\"vc_btn vc_btn-pink vc_btn-sm vc_btn_square \" href=\"http:\/\/www.ultraquim.net\/\" rel=\"nofollow noopener\" target=\"_blank\">ESPACIO DE ULTRAQUIM<\/a><br \/>\n<a class=\"vc_btn vc_btn-pink vc_btn-sm vc_btn_square \" href=\"https:\/\/twitter.com\/ultraquim\" rel=\"nofollow noopener\" target=\"_blank\">@ultraquim<\/a><\/p>\n","protected":false},"excerpt":{"rendered":"<p>Cl\u00e1sica traves\u00eda en aguas abiertas, que va por su edici\u00f3n n\u00famero 41, competitiva y cronometrada con chip, abierta a nadadores federados y no federados a partir de los 12 a\u00f1os, desde la organizaci\u00f3n se aconseja que los nadadores de entre 12 y 14 a\u00f1os, vayan con acompa\u00f1ante. Domingo 17 de agosto de 2014 Lugar: Sant [&hellip;]<\/p>\n","protected":false},"author":7,"featured_media":25185,"comment_status":"open","ping_status":"open","sticky":false,"template":"","format":"standard","meta":{"_acf_changed":false,"rank_math_lock_modified_date":false,"footnotes":""},"categories":[517],"tags":[2300,87,318,814,461,990,114,838,1371,41],"class_list":{"0":"post-25184","1":"post","2":"type-post","3":"status-publish","4":"format-standard","5":"has-post-thumbnail","7":"category-travesias","8":"tag-club-aquatic-xaloc","9":"tag-natacion","10":"tag-natacion-aguas-abiertas","11":"tag-sant-feliu-de-guixols","12":"tag-swim","13":"tag-swim-open-sea","14":"tag-travesia","15":"tag-travesias-2","16":"tag-travessa","17":"tag-ultraquim"},"acf":[],"_links":{"self":[{"href":"https:\/\/miurltemporal.com/main/triatletasenred.sport.es\/wp-json\/wp\/v2\/posts\/25184"}],"collection":[{"href":"https:\/\/miurltemporal.com/main/triatletasenred.sport.es\/wp-json\/wp\/v2\/posts"}],"about":[{"href":"https:\/\/miurltemporal.com/main/triatletasenred.sport.es\/wp-json\/wp\/v2\/types\/post"}],"author":[{"embeddable":true,"href":"https:\/\/miurltemporal.com/main/triatletasenred.sport.es\/wp-json\/wp\/v2\/users\/7"}],"replies":[{"embeddable":true,"href":"https:\/\/miurltemporal.com/main/triatletasenred.sport.es\/wp-json\/wp\/v2\/comments?post=25184"}],"version-history":[{"count":0,"href":"https:\/\/miurltemporal.com/main/triatletasenred.sport.es\/wp-json\/wp\/v2\/posts\/25184\/revisions"}],"wp:featuredmedia":[{"embeddable":true,"href":"https:\/\/miurltemporal.com/main/triatletasenred.sport.es\/wp-json\/wp\/v2\/media\/25185"}],"wp:attachment":[{"href":"https:\/\/miurltemporal.com/main/triatletasenred.sport.es\/wp-json\/wp\/v2\/media?parent=25184"}],"wp:term":[{"taxonomy":"category","embeddable":true,"href":"https:\/\/miurltemporal.com/main/triatletasenred.sport.es\/wp-json\/wp\/v2\/categories?post=25184"},{"taxonomy":"post_tag","embeddable":true,"href":"https:\/\/miurltemporal.com/main/triatletasenred.sport.es\/wp-json\/wp\/v2\/tags?post=25184"}],"curies":[{"name":"wp","href":"https:\/\/api.w.org\/{rel}","templated":true}]}}