{"id":24692,"date":"2014-06-30T03:57:15","date_gmt":"2014-06-30T02:57:15","guid":{"rendered":"http:\/\/triatletasenred.com\/?p=24692"},"modified":"2014-06-30T03:59:57","modified_gmt":"2014-06-30T02:59:57","slug":"vicente-hernandez-plata-en-el-europeo-sub23","status":"publish","type":"post","link":"https:\/\/miurltemporal.com/main/triatletasenred.sport.es\/competiciones\/vicente-hernandez-plata-en-el-europeo-sub23\/","title":{"rendered":"Vicente Hern\u00e1ndez, plata en el Europeo sub23"},"content":{"rendered":"<h5 style=\"text-align: justify;\">El triatleta canario logr\u00f3 este s\u00e1bado en Penza (Rusia) el subcampeonato de Europa de Triatl\u00f3n sub23 despu\u00e9s de entrar a meta con tan solo tres segundos de diferencia con el campe\u00f3n, el brit\u00e1nico Benson. Por su parte, en categor\u00eda femenina, Miriam Casillas logr\u00f3 un estupendo cuarto puesto.<\/h5>\n<p><img fetchpriority=\"high\" decoding=\"async\" class=\"aligncenter\" style=\"font-weight: inherit; font-style: inherit; color: #666666;\" src=\"https:\/\/dl.dropboxusercontent.com\/u\/31969244\/ATRIENRED\/fotos%20TER\/pablo.jpg\" alt=\"\" width=\"557\" height=\"103\" \/><\/p>\n<p style=\"text-align: justify;\">El triatl\u00f3n espa\u00f1ol est\u00e1 en el momento m\u00e1s \u00e1lgido de su corta historia. Y no solo los &#8220;mayores&#8221; triunfan m\u00e1s all\u00e1 de nuestras fronteras. Este fin de semana en la localidad rusa de Penza ha vuelto a quedar demostrado. Vicente Hern\u00e1ndez lograba la plata en categor\u00eda masculina y Miriam Casillas, se alzaba a la cuarta posici\u00f3n en una categor\u00eda marcada por el fr\u00edo y el fuerte viento y que se disput\u00f3 sobre distancia ol\u00edmpica.<\/p>\n<p style=\"text-align: justify;\">En categor\u00eda masculina, Vicente Hern\u00e1ndez era la punta de lanza de un equipo joven y con ganas de seguir progresando. El canario acab\u00f3 segundo, despu\u00e9s de pugnar con seis triatletas por una plaza en el podio y est\u00e1 demostrando su gran nivel de forma tras su WTS de Londres y la medalla de bronce en el Europeo \u00e9lite de Kitzb\u00fchel. Por detr\u00e1s de Hern\u00e1ndez se clasificaron Ux\u00edo Abu\u00edn, s\u00e9ptimo y de Ricardo Hern\u00e1ndez, duod\u00e9cimo. El debutante Lucas Mola, hermano de Mario Mola, logr\u00f3 la posici\u00f3n 27, mientras que Nan Oliveras y David Castro se tuvieron que retirar en el sector ciclista.<\/p>\n<p style=\"text-align: justify;\">Por su parte, en categor\u00eda femenina el triunfo fue para la local Elena Danilova, seguida de la francesa Perault y de Sofie Hooghe, de B\u00e9lgica. Miriam Casillas demostr\u00f3 su gran nivel de forma tras su victoria en la Copa de \u00c1frica de Larache con una cuarta posici\u00f3n en Penza. No fue menos Melina Alonso, que logr\u00f3 clasificarse en la octava posici\u00f3n y logrando que las dos triatletas espa\u00f1olas se colaran en el top10.<\/p>\n<p style=\"text-align: justify;\">El domingo fue el turno de los Youth y los relevos mixtos sub23, tambi\u00e9n siendo campeonato de Europa de la categor\u00eda. Miriam Casillas, Melina Alonso, Ux\u00edo Abu\u00edn y Vicente Hern\u00e1ndez coronaban a Espa\u00f1a como campeona de Europa de relevos mixtos sub23, mientras que los dos equipos Youth, tanto el masculino como el femenino, lograban una excelente tercera posici\u00f3n.<\/p>\n<p style=\"text-align: justify;\"><a class=\"vc_btn vc_btn-orange vc_btn-sm vc_btn_square \" href=\"https:\/\/twitter.com\/PabloBoschG\" rel=\"nofollow noopener\" target=\"_blank\">@PabloBoschG<\/a><\/p>\n<p style=\"text-align: justify;\">Foto: FETRI<\/p>\n","protected":false},"excerpt":{"rendered":"<p>El triatleta canario logr\u00f3 este s\u00e1bado en Penza (Rusia) el subcampeonato de Europa de Triatl\u00f3n sub23 despu\u00e9s de entrar a meta con tan solo tres segundos de diferencia con el campe\u00f3n, el brit\u00e1nico Benson. Por su parte, en categor\u00eda femenina, Miriam Casillas logr\u00f3 un estupendo cuarto puesto. El triatl\u00f3n espa\u00f1ol est\u00e1 en el momento m\u00e1s [&hellip;]<\/p>\n","protected":false},"author":12,"featured_media":24693,"comment_status":"open","ping_status":"open","sticky":false,"template":"","format":"standard","meta":{"_acf_changed":false,"rank_math_lock_modified_date":false,"footnotes":""},"categories":[19,1191],"tags":[2217,1967,1225,923,2218],"class_list":{"0":"post-24692","1":"post","2":"type-post","3":"status-publish","4":"format-standard","5":"has-post-thumbnail","7":"category-competiciones","8":"category-triatlon","9":"tag-etu","10":"tag-miriam-casillas","11":"tag-pablo-bosch","12":"tag-triathlon","13":"tag-vicente-hernandez"},"acf":[],"_links":{"self":[{"href":"https:\/\/miurltemporal.com/main/triatletasenred.sport.es\/wp-json\/wp\/v2\/posts\/24692"}],"collection":[{"href":"https:\/\/miurltemporal.com/main/triatletasenred.sport.es\/wp-json\/wp\/v2\/posts"}],"about":[{"href":"https:\/\/miurltemporal.com/main/triatletasenred.sport.es\/wp-json\/wp\/v2\/types\/post"}],"author":[{"embeddable":true,"href":"https:\/\/miurltemporal.com/main/triatletasenred.sport.es\/wp-json\/wp\/v2\/users\/12"}],"replies":[{"embeddable":true,"href":"https:\/\/miurltemporal.com/main/triatletasenred.sport.es\/wp-json\/wp\/v2\/comments?post=24692"}],"version-history":[{"count":0,"href":"https:\/\/miurltemporal.com/main/triatletasenred.sport.es\/wp-json\/wp\/v2\/posts\/24692\/revisions"}],"wp:featuredmedia":[{"embeddable":true,"href":"https:\/\/miurltemporal.com/main/triatletasenred.sport.es\/wp-json\/wp\/v2\/media\/24693"}],"wp:attachment":[{"href":"https:\/\/miurltemporal.com/main/triatletasenred.sport.es\/wp-json\/wp\/v2\/media?parent=24692"}],"wp:term":[{"taxonomy":"category","embeddable":true,"href":"https:\/\/miurltemporal.com/main/triatletasenred.sport.es\/wp-json\/wp\/v2\/categories?post=24692"},{"taxonomy":"post_tag","embeddable":true,"href":"https:\/\/miurltemporal.com/main/triatletasenred.sport.es\/wp-json\/wp\/v2\/tags?post=24692"}],"curies":[{"name":"wp","href":"https:\/\/api.w.org\/{rel}","templated":true}]}}