{"id":24687,"date":"2014-06-30T02:51:36","date_gmt":"2014-06-30T01:51:36","guid":{"rendered":"http:\/\/triatletasenred.com\/?p=24687"},"modified":"2016-03-08T15:06:39","modified_gmt":"2016-03-08T13:06:39","slug":"gomez-noya-vuela-en-la-ciudad-del-viento","status":"publish","type":"post","link":"https:\/\/miurltemporal.com/main/triatletasenred.sport.es\/actualidad\/gomez-noya-vuela-en-la-ciudad-del-viento\/","title":{"rendered":"Gomez Noya vuela en la Ciudad del Viento"},"content":{"rendered":"<h5 style=\"text-align: justify;\">El ferrolano Javier G\u00f3mez Noya se impuso en el debut de Chicago como sede de las Series Mundiales con una impecable carrera a pi\u00e9. Con sus cuatro victorias esta temporada es l\u00edder indiscutible del ranking ITU. Segundo acab\u00f3 Joao Pereira y tercero, Mario Mola. El talaverano Fernando Alarza complet\u00f3 el top5.<\/h5>\n<p style=\"text-align: justify;\"><img fetchpriority=\"high\" decoding=\"async\" class=\"aligncenter\" style=\"font-weight: inherit; font-style: inherit; color: #666666;\" src=\"https:\/\/dl.dropboxusercontent.com\/u\/31969244\/ATRIENRED\/fotos%20TER\/pablo.jpg\" alt=\"\" width=\"557\" height=\"103\" \/><\/p>\n<p style=\"text-align: justify;\">Cuatro de cinco. Es es el balance que presenta Javier G\u00f3mez Noya en las Series Mundiales. Y eso que una lesi\u00f3n le dej\u00f3 diez d\u00edas sin correr y ha estado dos meses compitiendo con molestias. La traves\u00eda hacia el cuarto campeonato del mundo ya no parece tan lejana. El ferrolano ha dado este domingo en Chicaho un golpe de autoridad para consolidarse a\u00fan m\u00e1s como l\u00edder. Ha gestionado la llegada de los Brownlee a las Series Mundiales con mentalidad de hierro, les ha hecho frente y les est\u00e1 tumbando. La Ciudad del Viento ha visto dar a Javier G\u00f3mez Noya una zancada m\u00e1s hacia su cuarto cetro mundial.<\/p>\n<p style=\"text-align: justify;\">Las Series Mundiales vuelven a estar abiertas. Abiertas, a nuevos movimientos\u00a0en carrera. El l\u00edder indiscutible sigue siendo Gomez Noya. Insaciable. Con hambre de reeditar el t\u00edtulo de campe\u00f3n, el ferrolano ha vuelto a dar un recital a pi\u00e9, cimentado en la consistencia nadando y en bicicleta. Ya no hay nada que se le resista.<\/p>\n<p style=\"text-align: justify;\">La nataci\u00f3n estuvo dominada por Ben Kanude. El americano super\u00f3\u00a0a Raphael, que lideraba el grupo en la primera vuelta. G\u00f3mez Noya tambi\u00e9n sal\u00eda en el grupo de cabeza, con Godoy y Alarza en el top15. En el puesto 19 aparec\u00eda Mario Mola tras realizar un buen parcial de nataci\u00f3n, tal y como destacaba al acabar en la zona mixta. Richard Murray, sal\u00eda m\u00e1s retrasado y afrontaba la larga transici\u00f3n a varios segundos de la cabeza. Sin Richard Varga, se desarroll\u00f3\u00a0una nataci\u00f3n sin pautas fijas.<\/p>\n<p style=\"text-align: justify;\">La poca distancia entre el grupo de cabeza y los perseguidores presagiaba un reagrupamiento temprano. Poco dur\u00f3 la escapada de Kanude. El americano fue cazado y el grupo delantero form\u00f3 un pelot\u00f3n de diez triatletas. El circuito de ciclismo, al que los triatletas deb\u00edan dar ocho vueltas,\u00a0permit\u00eda a los perseguidores ver en todo momento a los l\u00edderes debido a los constantes cambios de 180\u00ba y las largas rectas. Y como era de esperar, el neozeland\u00e9s Tom Davison, con un\u00a0constante pedaleo desbocado, enlazaba los grupos en el kil\u00f3metro 10 de ciclismo. Mario Mola, a rueda del triatleta neozeland\u00e9s, consegu\u00eda conectar\u00a0con el grupo de Fernando Alarza, \u00a0y Javier G\u00f3mez Noya, form\u00e1ndose un pelot\u00f3n de treinta y tres triatletas. Davison no ha parado de dar arreones buscando una escapada, en la que\u00a0no encontraba socios.<\/p>\n<p style=\"text-align: justify;\">A partir del reagrupamiento, el sector de ciclismo ha sido trepidante. Los ataques de Tom Davison han tenido su fruto con una escapada en solitario a falta de tres vueltas. Despu\u00e9s de varios kil\u00f3metros en solitario, se le ha unido el australiano Cameron Good, con el que ha pedaleado hasta la transici\u00f3n. El pelot\u00f3n ha rodado perdiendo un margen de medio minuto con los dos triatletas de cabeza. Antes de llegar a la transici\u00f3n, el portugu\u00e9s Silva ten\u00eda problemas con su bicicleta y Richard Murray, que compart\u00eda grupo con Godoy, no lograba enlazar con el pelot\u00f3n de los favoritos. El catal\u00e1n ha sufrido sobre la bicicleta, llegando incluso a tener que poner pi\u00e9 en tierra durante unos segundos.<\/p>\n<p style=\"text-align: justify;\">Tom Davison y Cameron Good eran los primeros en bajarse con m\u00e1s de\u00a0cuarenta\u00a0segundos de ventaja. Pero en el primer kil\u00f3metro, Davison era cazado por el grupo donde corr\u00edan Fernando Alarza, Mario Mola, G\u00f3mez Noya y Richard Murray. Tres espa\u00f1oles entre los seis primeros. Desde Espa\u00f1a se so\u00f1aba con el triplete. Ya en la primera vuelta, Good tambi\u00e9n era cazado y la Armada espa\u00f1ola se pon\u00eda a comandar la carrera. Al inicio de la segunda vuelta de carrera a pi\u00e9 Mola, G\u00f3mez y Joao Pereira, que logr\u00f3 el bronce en las Series Mundiales de Londres, se marchaban en solitario. Pereira aguantaba el fuerte ritmo de los espa\u00f1oles pero se descolgaba. Todo parec\u00eda indicar que se iba a repetir el final de las Series Mundiales de Yokohama.<\/p>\n<p style=\"text-align: justify;\">Mediada la tercera\u00a0vuelta, G\u00f3mez Noya lanzaba\u00a0un ataque al que Mario Molano pod\u00eda\u00a0hacer frente. El ferrolano iba lanzado a por su cuarta victoria de la temporada. Imponente, corr\u00eda con paso firme hacia la l\u00ednea de meta. Nadie pod\u00eda frenar esa victoria, ni siquiera Pereira, que rebas\u00f3 a Mario Mola en el \u00faltimo kil\u00f3metro. Javi engrandec\u00eda aun m\u00e1s su leyenda.<\/p>\n<p style=\"text-align: justify;\">La proeza espa\u00f1ola la completaba Mario Mola con una excelente tercera posici\u00f3n, afianzando su segundo puesto en la general. Por su parte, Fernando Alarza, finalizaba quinto, y Cesc Godoy en la posici\u00f3n 48. La pr\u00f3xima cita con las Series Mundiales ser\u00e1 en Hamburgo y sobre distancia sprint. Vuelve el espect\u00e1culo.<\/p>\n<a class=\"vc_btn vc_btn-orange vc_btn-sm vc_btn_square \" href=\"https:\/\/twitter.com\/PabloBoschG\" rel=\"nofollow noopener\" target=\"_blank\">@PabloBoschG<\/a>\n<p>Foto:\u00a0ITU Media<\/p>\n","protected":false},"excerpt":{"rendered":"<p>El ferrolano Javier G\u00f3mez Noya se impuso en el debut de Chicago como sede de las Series Mundiales con una impecable carrera a pi\u00e9. Con sus cuatro victorias esta temporada es l\u00edder indiscutible del ranking ITU. Segundo acab\u00f3 Joao Pereira y tercero, Mario Mola. El talaverano Fernando Alarza complet\u00f3 el top5. Cuatro de cinco. Es [&hellip;]<\/p>\n","protected":false},"author":12,"featured_media":24699,"comment_status":"open","ping_status":"open","sticky":false,"template":"","format":"standard","meta":{"_acf_changed":false,"rank_math_lock_modified_date":false,"footnotes":""},"categories":[17,19,1191],"tags":[609,930,819,607,1225,923,24,2004],"class_list":{"0":"post-24687","1":"post","2":"type-post","3":"status-publish","4":"format-standard","5":"has-post-thumbnail","7":"category-actualidad","8":"category-competiciones","9":"category-triatlon","10":"tag-alarza","11":"tag-itu","12":"tag-javier-gomez-noya","13":"tag-mola","14":"tag-pablo-bosch","15":"tag-triathlon","16":"tag-triatlon","17":"tag-world-triathlon-series-mundiales"},"acf":[],"_links":{"self":[{"href":"https:\/\/miurltemporal.com/main/triatletasenred.sport.es\/wp-json\/wp\/v2\/posts\/24687"}],"collection":[{"href":"https:\/\/miurltemporal.com/main/triatletasenred.sport.es\/wp-json\/wp\/v2\/posts"}],"about":[{"href":"https:\/\/miurltemporal.com/main/triatletasenred.sport.es\/wp-json\/wp\/v2\/types\/post"}],"author":[{"embeddable":true,"href":"https:\/\/miurltemporal.com/main/triatletasenred.sport.es\/wp-json\/wp\/v2\/users\/12"}],"replies":[{"embeddable":true,"href":"https:\/\/miurltemporal.com/main/triatletasenred.sport.es\/wp-json\/wp\/v2\/comments?post=24687"}],"version-history":[{"count":0,"href":"https:\/\/miurltemporal.com/main/triatletasenred.sport.es\/wp-json\/wp\/v2\/posts\/24687\/revisions"}],"wp:featuredmedia":[{"embeddable":true,"href":"https:\/\/miurltemporal.com/main/triatletasenred.sport.es\/wp-json\/wp\/v2\/media\/24699"}],"wp:attachment":[{"href":"https:\/\/miurltemporal.com/main/triatletasenred.sport.es\/wp-json\/wp\/v2\/media?parent=24687"}],"wp:term":[{"taxonomy":"category","embeddable":true,"href":"https:\/\/miurltemporal.com/main/triatletasenred.sport.es\/wp-json\/wp\/v2\/categories?post=24687"},{"taxonomy":"post_tag","embeddable":true,"href":"https:\/\/miurltemporal.com/main/triatletasenred.sport.es\/wp-json\/wp\/v2\/tags?post=24687"}],"curies":[{"name":"wp","href":"https:\/\/api.w.org\/{rel}","templated":true}]}}