{"id":24240,"date":"2017-02-13T07:00:25","date_gmt":"2017-02-13T05:00:25","guid":{"rendered":"http:\/\/triatletasenred.com\/?p=24240"},"modified":"2017-02-13T08:28:29","modified_gmt":"2017-02-13T06:28:29","slug":"triatlon-de-zarautz-2","status":"publish","type":"post","link":"https:\/\/miurltemporal.com/main/triatletasenred.sport.es\/actualidad\/triatlon-de-zarautz-2\/","title":{"rendered":"A fondo con el m\u00edtico Triatl\u00f3n de Zarautz (Zarauzko Triatloia)"},"content":{"rendered":"<h3 style=\"text-align: justify;\">Apenas 1 minuto duraron las <a href=\"https:\/\/miurltemporal.com/main/triatletasenred.sport.es\/actualidad\/locura-agotados-los-dorsales-del-zarauzko-triatloia-1-minuto\/\">inscripciones de la edici\u00f3n 2017<\/a> del Triatl\u00f3n de Zarautz. Recuperamos este art\u00edculo de Iker Gallastegui para entender un poco m\u00e1s el \u00e9xito y la filosof\u00eda de esta llamada &#8220;meca&#8221; del Triatl\u00f3n Nacional.<\/h3>\n<figure id=\"attachment_49889\" aria-describedby=\"caption-attachment-49889\" style=\"width: 300px\" class=\"wp-caption alignleft\"><img fetchpriority=\"high\" decoding=\"async\" class=\"size-medium wp-image-49889\" src=\"https:\/\/miurltemporal.com/main/triatletasenred.sport.es\/wp-content\/uploads\/salida-zarautz-300x199.jpg\" alt=\"\" width=\"300\" height=\"199\" srcset=\"https:\/\/miurltemporal.com/main/triatletasenred.sport.es\/wp-content\/uploads\/salida-zarautz-300x199.jpg 300w, https:\/\/miurltemporal.com/main/triatletasenred.sport.es\/wp-content\/uploads\/salida-zarautz-700x465.jpg 700w, https:\/\/miurltemporal.com/main/triatletasenred.sport.es\/wp-content\/uploads\/salida-zarautz-768x510.jpg 768w, https:\/\/miurltemporal.com/main/triatletasenred.sport.es\/wp-content\/uploads\/salida-zarautz-696x462.jpg 696w, https:\/\/miurltemporal.com/main/triatletasenred.sport.es\/wp-content\/uploads\/salida-zarautz-633x420.jpg 633w, https:\/\/miurltemporal.com/main/triatletasenred.sport.es\/wp-content\/uploads\/salida-zarautz-600x398.jpg 600w, https:\/\/miurltemporal.com/main/triatletasenred.sport.es\/wp-content\/uploads\/salida-zarautz-80x53.jpg 80w, https:\/\/miurltemporal.com/main/triatletasenred.sport.es\/wp-content\/uploads\/salida-zarautz.jpg 1023w\" sizes=\"(max-width: 300px) 100vw, 300px\" \/><figcaption id=\"caption-attachment-49889\" class=\"wp-caption-text\">Foto: Sergio Nievas<\/figcaption><\/figure>\n<p style=\"text-align: justify;\">\u00bfQui\u00e9n no ha o\u00eddo hablar de esta prueba? \u00bfCu\u00e1ntos de nosotros marcan con una X muy grande la cita en el calendario all\u00e1 por enero? Los \u00faltimos a\u00f1os, las inscripciones han volado cual caramelo en el patio de un colegio. Si bien es cierto que este a\u00f1o se han cubierto en 3 d\u00edas, con la salvedad de la preferencia para aquellos que en 2013 los disputaron en la modalidad de duatl\u00f3n (dispusieron de 10 d\u00edas para hacerlo antes de abrirse al p\u00fablico en general), para la citada edici\u00f3n de 2013 se agotaron las plazas en \u00a1\u00a1\u00a115 minutos!!! \u00bfY por qu\u00e9 esta locura, a qu\u00e9 se debe? El presidente del club organizador (<strong>Zarauzko Triatloi Elkartea<\/strong>), Inaxio Alguacil, intentaba dar respuesta a estas cuestiones en la <a href=\"https:\/\/miurltemporal.com/main/triatletasenred.sport.es\/entrevistas\/entrevistamos-a-inaxio-alguacil-presidente-zarauzko-triatloi-elkartea\/\">entrevista \u00a0publicada en nuestra web<\/a>. Y ni siquiera \u00e9l, gran conocedor de la prueba y todo lo que la rodea, sab\u00eda dar con la clave: entorno \u00fanico, dureza del recorrido, p\u00fablico entregado\u2026muchas y variados <em>input<\/em> que hacen de este triatl\u00f3n algo \u00fanico.<\/p>\n<p style=\"text-align: justify;\">En el p\u00e1rrafo anterior hemos citado la dureza del recorrido, y sobre ello van a versar las siguientes l\u00edneas. Si por algo es conocido el mismo, es por la dureza de las ya m\u00edticas rampas de Aia. Rampas que, durante los 3km que dura la ascensi\u00f3n, har\u00e1 que alguno ponga pie a tierra para superar desniveles superiores al 20% en algunos tramos y una pendiente media cercana al 15%. Piso mezcla de cemento rayado y asfalto, curvas imposibles, rectas que vistas desde la base parecen imposibles. Una vez le\u00eddo esto, nos preguntamos: <em>\u00bfqu\u00e9 desarrollo monto?<\/em> Bufff, aqu\u00ed cada triatleta es un mundo\u2026eso si, un pi\u00f1\u00f3n de 27 \u00f3 29 dientes no os va a sobrar a ninguno. Pero no adelantemos acontecimientos.<\/p>\n<p style=\"text-align: justify;\"><a href=\"http:\/\/myrcosport.es\" rel=\"nofollow noopener\" target=\"_blank\"><img decoding=\"async\" class=\"size-full wp-image-49149 aligncenter\" src=\"https:\/\/miurltemporal.com/main/triatletasenred.sport.es\/wp-content\/uploads\/2xu-espan\u0303a4.gif\" alt=\"\" width=\"700\" height=\"150\" \/><\/a><\/p>\n<p style=\"text-align: justify;\">La prueba consta de unas distancias no estandarizadas, podr\u00edamos decir que son medidas \u00fanicas en el panorama triatl\u00e9tico: 2,8km a nado, 81 km en bici y 20 km de carrera a pie. 2800 metros dista la playa de <strong>Zarautz<\/strong> de la de <strong>Getaria<\/strong> (lugar de nacimiento de un vasco universal, Juan Sebastian Elcano). Varias boyas nos har\u00e1n de gu\u00eda a lo largo del trayecto. Generalmente la ola entra desde nuestra izquierda, por lo que nos ser\u00e1 de gran ayuda a la hora de hacer pie en la kilom\u00e9trica playa zarauztarra.<\/p>\n<p style=\"text-align: justify;\">Si anteriormente los boxes se situaban sobre la plaza de Munoa, de un tiempo a esta parte, la organizaci\u00f3n ha optado por colocarlos a lo largo del malec\u00f3n, a unos pocos metros de su situaci\u00f3n habitual. Si eres de los que alcanzas el arenal en menos de 1 hora (tiempo de corte para realizar el tramo de nado), subirte sobre la bici y atacar el primer puerto, <strong>Meaga<\/strong>, es todo uno. Sin tiempo siquiera ajustarnos debidamente las botas, arranca la primera de las 2 ascensiones a dicho puerto. Unos 4 km con una pendiente media del 3% en el que notaremos el mareo debido a nadar durante casi una hora en mar abierta. Un bucle (30 km) pasando por las localidades de <strong>Zumaia<\/strong> y Getaria, nos llevar\u00e1 nuevamente a pie de puerto para realizar de nuevo esa vuelta, pedaleando primero por el interior para despu\u00e9s disfrutar, si es que alguien disfruta en carrera, del Cant\u00e1brico en su m\u00e1ximo esplendor.<\/p>\n<figure id=\"attachment_45076\" aria-describedby=\"caption-attachment-45076\" style=\"width: 300px\" class=\"wp-caption alignright\"><img decoding=\"async\" class=\"size-medium wp-image-45076\" src=\"https:\/\/miurltemporal.com/main/triatletasenred.sport.es\/wp-content\/uploads\/zarautz-189-300x225.jpg\" alt=\"\" width=\"300\" height=\"225\" srcset=\"https:\/\/miurltemporal.com/main/triatletasenred.sport.es\/wp-content\/uploads\/zarautz-189-300x225.jpg 300w, https:\/\/miurltemporal.com/main/triatletasenred.sport.es\/wp-content\/uploads\/zarautz-189-700x524.jpg 700w, https:\/\/miurltemporal.com/main/triatletasenred.sport.es\/wp-content\/uploads\/zarautz-189-1024x767.jpg 1024w, https:\/\/miurltemporal.com/main/triatletasenred.sport.es\/wp-content\/uploads\/zarautz-189-768x575.jpg 768w, https:\/\/miurltemporal.com/main/triatletasenred.sport.es\/wp-content\/uploads\/zarautz-189-696x521.jpg 696w, https:\/\/miurltemporal.com/main/triatletasenred.sport.es\/wp-content\/uploads\/zarautz-189-1068x800.jpg 1068w, https:\/\/miurltemporal.com/main/triatletasenred.sport.es\/wp-content\/uploads\/zarautz-189-561x420.jpg 561w, https:\/\/miurltemporal.com/main/triatletasenred.sport.es\/wp-content\/uploads\/zarautz-189-80x60.jpg 80w, https:\/\/miurltemporal.com/main/triatletasenred.sport.es\/wp-content\/uploads\/zarautz-189-265x198.jpg 265w, https:\/\/miurltemporal.com/main/triatletasenred.sport.es\/wp-content\/uploads\/zarautz-189.jpg 1200w\" sizes=\"(max-width: 300px) 100vw, 300px\" \/><figcaption id=\"caption-attachment-45076\" class=\"wp-caption-text\">Foto: cedida por Joseba Iriondo<\/figcaption><\/figure>\n<p style=\"text-align: justify;\">Una vez cubiertos los primeros 60 km, cruzaremos a lo ancho el pueblo de Zarautz, siempre jalonado de un p\u00fablico entregado en este d\u00eda tan especial, donde nos espera la subida al alto de <strong>Orio<\/strong>, ascensi\u00f3n previa a la cota m\u00e1s importante del d\u00eda: <strong>Aia<\/strong>. Ya hemos hablado de sus desniveles casi inhumanos, y m\u00e1s cuando ya llevamos encima 2800 metros a nado y cerca de 2 horas sobre nuestra montura. No os preocup\u00e9is, si not\u00e1is que las piernas flojean, las decenas de personas que estar\u00e1n apostadas a ambos lados de la carretera har\u00e1 que el \u201csufrimiento\u201d sea menor. Pasillos humanos que ya quisieran para si muchas pruebas ciclistas del m\u00e1s alto nivel.<\/p>\n<p style=\"text-align: justify;\">Ya hemos coronado el \u201cinfierno\u201d, ahora toca un largo descenso (aprovechad para rehidrataros y alimentaros) hacia Orio, pasando por <strong>Andatza<\/strong>, que nos acercar\u00e1 a la subida final al camping de Zarautz, la traca final. Y cuando hablamos de traca, lo decimos con conocimiento de causa. Ascenso por la ladera del monte de no m\u00e1s de 1 km y con momentos en los que la carretera (cemento y asfalto a partes iguales) se pone seria, tanto, que vuelve a superar desniveles del 20%, llegando a un m\u00e1ximo del 24% \u00a1Palabras mayores! R\u00e1pido descenso a boxes y 20km a pie por delante.<\/p>\n<p style=\"text-align: justify;\">Si en Meaga, Aia y el camping hab\u00eda p\u00fablico animando, nada comparable con lo que os vais a encontrar en las calles de la tur\u00edstica localidad costera. Es su d\u00eda, es su prueba y lo dar\u00e1n todo para llevaros en volandas hasta meta tras cruzar la \u201cKale Nagusia\u201d (Calle Mayor) entre gritos de \u00e1nimo, desde el ganador hasta el \u00faltimo. As\u00ed es la afici\u00f3n zarauztarra, as\u00ed es la afici\u00f3n vasca en general. Se anima a todos<\/p>\n<figure id=\"attachment_35782\" aria-describedby=\"caption-attachment-35782\" style=\"width: 300px\" class=\"wp-caption alignleft\"><img loading=\"lazy\" decoding=\"async\" class=\"size-medium wp-image-35782\" src=\"https:\/\/miurltemporal.com/main/triatletasenred.sport.es\/wp-content\/uploads\/Zarautz-5-300x198.jpg\" alt=\"\" width=\"300\" height=\"198\" \/><figcaption id=\"caption-attachment-35782\" class=\"wp-caption-text\">Triatl\u00f3n Zarautz<\/figcaption><\/figure>\n<p style=\"text-align: justify;\">y todas las participantes sin distinci\u00f3n de procedencia. Sois unos m\u00e1s. No descartamos que solt\u00e9is alguna l\u00e1grima, piel de gallina\u2026os acordareis de las horas de duros entrenos para ser <em>finisher<\/em> en Zarautz y lo recordareis como nunca lo hab\u00e9is hecho con un triatl\u00f3n.<\/p>\n<p style=\"text-align: justify;\">Para que hablaros de los favoritos y favoritas a la victoria, si lo que de verdad hace grande esta competici\u00f3n sois vosotros, nosotros, los triatletas populares. Muchas otras revistas se habr\u00e1n hecho eco de quien opta a la victoria final, pero nosotros preferimos ensalzar el sufrimiento y alegr\u00eda, a partes iguales, que conlleva terminar\u00a0 el <strong>Triatl\u00f3n de Zarautz <\/strong>para quien no vive de ello, sino que vive para ello. Para muchos, <em>la meca del triatl\u00f3n; <\/em>para todos, una de las m\u00e1s bonitas pruebas en las que podemos participar.<\/p>\n","protected":false},"excerpt":{"rendered":"<p>28 ediciones, centenares de triatletas, mil y una an\u00e9cdotas y un pueblo entero volcado con el Triatl\u00f3n de Zarautz. Iker Gallastegui analiza su circuito.<\/p>\n","protected":false},"author":257,"featured_media":35782,"comment_status":"open","ping_status":"open","sticky":false,"template":"","format":"standard","meta":{"_acf_changed":false,"rank_math_lock_modified_date":false,"footnotes":""},"categories":[17,16],"tags":[3077,1943,1000,24,3368,492,716],"class_list":{"0":"post-24240","1":"post","2":"type-post","3":"status-publish","4":"format-standard","5":"has-post-thumbnail","7":"category-actualidad","8":"category-en-red","9":"tag-bh-bikes","10":"tag-iker-gallastegui","11":"tag-tri","12":"tag-triatlon","13":"tag-triatlon-zarautz","14":"tag-zarauz","15":"tag-zarauzko-triatloia"},"acf":[],"_links":{"self":[{"href":"https:\/\/miurltemporal.com/main/triatletasenred.sport.es\/wp-json\/wp\/v2\/posts\/24240"}],"collection":[{"href":"https:\/\/miurltemporal.com/main/triatletasenred.sport.es\/wp-json\/wp\/v2\/posts"}],"about":[{"href":"https:\/\/miurltemporal.com/main/triatletasenred.sport.es\/wp-json\/wp\/v2\/types\/post"}],"author":[{"embeddable":true,"href":"https:\/\/miurltemporal.com/main/triatletasenred.sport.es\/wp-json\/wp\/v2\/users\/257"}],"replies":[{"embeddable":true,"href":"https:\/\/miurltemporal.com/main/triatletasenred.sport.es\/wp-json\/wp\/v2\/comments?post=24240"}],"version-history":[{"count":0,"href":"https:\/\/miurltemporal.com/main/triatletasenred.sport.es\/wp-json\/wp\/v2\/posts\/24240\/revisions"}],"wp:featuredmedia":[{"embeddable":true,"href":"https:\/\/miurltemporal.com/main/triatletasenred.sport.es\/wp-json\/wp\/v2\/media\/35782"}],"wp:attachment":[{"href":"https:\/\/miurltemporal.com/main/triatletasenred.sport.es\/wp-json\/wp\/v2\/media?parent=24240"}],"wp:term":[{"taxonomy":"category","embeddable":true,"href":"https:\/\/miurltemporal.com/main/triatletasenred.sport.es\/wp-json\/wp\/v2\/categories?post=24240"},{"taxonomy":"post_tag","embeddable":true,"href":"https:\/\/miurltemporal.com/main/triatletasenred.sport.es\/wp-json\/wp\/v2\/tags?post=24240"}],"curies":[{"name":"wp","href":"https:\/\/api.w.org\/{rel}","templated":true}]}}