{"id":24064,"date":"2014-06-06T06:05:37","date_gmt":"2014-06-06T05:05:37","guid":{"rendered":"http:\/\/triatletasenred.com\/?p=24064"},"modified":"2016-02-26T19:23:15","modified_gmt":"2016-02-26T17:23:15","slug":"el-circuito-open-triathlon-arranca-el-15-de-junio-en-arenys-de-mar","status":"publish","type":"post","link":"https:\/\/miurltemporal.com/main/triatletasenred.sport.es\/en-red\/el-circuito-open-triathlon-arranca-el-15-de-junio-en-arenys-de-mar\/","title":{"rendered":"El circuito OPEN TRIATHLON arranca el 15 de Junio en Arenys de Mar"},"content":{"rendered":"<h4 style=\"text-align: justify;\">Arenys de Mar ser\u00e1 anfitriona por primera vez de un triatl\u00f3n sprint como parte del circuito OPEN TRIATHLON. La localidad se une as\u00ed a \u00a0Sant Pol de Mar, Tossa de Mar y Vilanova i la Geltr\u00fa como sedes elegidas por la organizaci\u00f3n para desarrollar su propuesta de triatl\u00f3n de corta distancia en Catalunya.<\/h4>\n<p style=\"text-align: justify;\">El arranque en Arenys da la posibilidad a los amantes de la distancia Sprint de competir con las garant\u00edas de un circuito r\u00e1pido y seguro ya que la m\u00edtica nacional II \u00a0estar\u00e1 cortada durante el desarrollo del evento como suceder\u00e1 tambi\u00e9n en el resto de pruebas del circuito.<\/p>\n<p style=\"text-align: justify;\">Arenys, al igual que el resto de pruebas del circuito son especialmente recomendables para aquellos que quieran debutar o sumar experiencia en nuestro deporte ya que la organizaci\u00f3n tiene un corte m\u00e1ximo de 400 inscritos para intentar evitar la masificiaci\u00f3n .<\/p>\n<p style=\"text-align: justify;\">Interesante tambi\u00e9n la propuesta de las salidas <a href=\"http:\/\/www.tri-woman.com\/\" rel=\"nofollow noopener\" target=\"_blank\">TRIWOMAN<\/a>, para las triatletas de categoria femenina y el especial protagonismo a las chicas que pretende dar la organizaci\u00f3n<\/p>\n<p style=\"text-align: justify;\">En res\u00famen un circuito avalado por la experiencia organizativa del Club Triatl\u00f3 Costa de Barcelona Maresme y Weefel Sport que\u00a0pretende dar servicio tanto a exigentes triatletas especialistas como a populares con ganas de disfrutar de una prueba tranquila y segura.<\/p>\n<p style=\"text-align: justify;\">M\u00e1s informaci\u00f3n :<\/p>\n<p style=\"text-align: justify;\"><img decoding=\"async\" class=\"aligncenter\" src=\"https:\/\/miurltemporal.com/main/triatletasenred.sport.es\/wp-content\/uploads\/Captura-de-pantalla-2014-06-05-a-las-22.01.57.png\" alt=\"\" width=\"622\" height=\"58\" \/><\/p>\n<p style=\"text-align: justify;\"><a href=\"https:\/\/miurltemporal.com/main/triatletasenred.sport.es\/wp-content\/uploads\/Captura-de-pantalla-2014-06-05-a-las-22.01.57.png\"><img decoding=\"async\" class=\"size-medium wp-image-24067\" src=\"https:\/\/miurltemporal.com/main/triatletasenred.sport.es\/wp-content\/uploads\/Captura-de-pantalla-2014-06-05-a-las-22.01.57.png\" alt=\"Captura de pantalla 2014-06-05 a la(s) 22.01.57\" width=\"1\" height=\"1\" srcset=\"https:\/\/miurltemporal.com/main/triatletasenred.sport.es\/wp-content\/uploads\/Captura-de-pantalla-2014-06-05-a-las-22.01.57.png 1073w, https:\/\/miurltemporal.com/main/triatletasenred.sport.es\/wp-content\/uploads\/Captura-de-pantalla-2014-06-05-a-las-22.01.57-1000x100.png 1000w, https:\/\/miurltemporal.com/main/triatletasenred.sport.es\/wp-content\/uploads\/Captura-de-pantalla-2014-06-05-a-las-22.01.57-100x100.png 100w, https:\/\/miurltemporal.com/main/triatletasenred.sport.es\/wp-content\/uploads\/Captura-de-pantalla-2014-06-05-a-las-22.01.57-700x65.png 700w\" sizes=\"(max-width: 1px) 100vw, 1px\" \/><\/a><\/p>\n","protected":false},"excerpt":{"rendered":"<p>Arenys de Mar ser\u00e1 anfitriona por primera vez de un triatl\u00f3n sprint como parte del circuito OPEN TRIATHLON. La localidad se une as\u00ed a \u00a0Sant Pol de Mar, Tossa de Mar y Vilanova i la Geltr\u00fa como sedes elegidas por la organizaci\u00f3n para desarrollar su propuesta de triatl\u00f3n de corta distancia en Catalunya. El arranque [&hellip;]<\/p>\n","protected":false},"author":2,"featured_media":24066,"comment_status":"open","ping_status":"open","sticky":false,"template":"","format":"standard","meta":{"_acf_changed":false,"rank_math_lock_modified_date":false,"footnotes":""},"categories":[16,1191],"tags":[2170,404,2210,979,980,1084,720,2171],"class_list":{"0":"post-24064","1":"post","2":"type-post","3":"status-publish","4":"format-standard","5":"has-post-thumbnail","7":"category-en-red","8":"category-triatlon","9":"tag-arenys-de-mar","10":"tag-ironman","11":"tag-open-challenge","12":"tag-sant-pol-de-mar","13":"tag-sprint","14":"tag-tossa-de-mar","15":"tag-triatlo","16":"tag-vilanova-i-la-geltru"},"acf":[],"_links":{"self":[{"href":"https:\/\/miurltemporal.com/main/triatletasenred.sport.es\/wp-json\/wp\/v2\/posts\/24064"}],"collection":[{"href":"https:\/\/miurltemporal.com/main/triatletasenred.sport.es\/wp-json\/wp\/v2\/posts"}],"about":[{"href":"https:\/\/miurltemporal.com/main/triatletasenred.sport.es\/wp-json\/wp\/v2\/types\/post"}],"author":[{"embeddable":true,"href":"https:\/\/miurltemporal.com/main/triatletasenred.sport.es\/wp-json\/wp\/v2\/users\/2"}],"replies":[{"embeddable":true,"href":"https:\/\/miurltemporal.com/main/triatletasenred.sport.es\/wp-json\/wp\/v2\/comments?post=24064"}],"version-history":[{"count":0,"href":"https:\/\/miurltemporal.com/main/triatletasenred.sport.es\/wp-json\/wp\/v2\/posts\/24064\/revisions"}],"wp:featuredmedia":[{"embeddable":true,"href":"https:\/\/miurltemporal.com/main/triatletasenred.sport.es\/wp-json\/wp\/v2\/media\/24066"}],"wp:attachment":[{"href":"https:\/\/miurltemporal.com/main/triatletasenred.sport.es\/wp-json\/wp\/v2\/media?parent=24064"}],"wp:term":[{"taxonomy":"category","embeddable":true,"href":"https:\/\/miurltemporal.com/main/triatletasenred.sport.es\/wp-json\/wp\/v2\/categories?post=24064"},{"taxonomy":"post_tag","embeddable":true,"href":"https:\/\/miurltemporal.com/main/triatletasenred.sport.es\/wp-json\/wp\/v2\/tags?post=24064"}],"curies":[{"name":"wp","href":"https:\/\/api.w.org\/{rel}","templated":true}]}}