{"id":23460,"date":"2014-05-20T06:16:20","date_gmt":"2014-05-20T05:16:20","guid":{"rendered":"http:\/\/triatletasenred.com\/?p=23460"},"modified":"2016-02-26T14:47:46","modified_gmt":"2016-02-26T12:47:46","slug":"roadtoimfrankfurt","status":"publish","type":"post","link":"https:\/\/miurltemporal.com/main/triatletasenred.sport.es\/en-red\/roadtoimfrankfurt\/","title":{"rendered":"Desventuras de un popular camino a #IMFRANKFURT"},"content":{"rendered":"<h5 style=\"text-align: justify;\"><strong>Manu Moreno &#8211; Otra vez y ya van tres<\/strong>\u2026. y eso que de todos es sabido que el hombre es el \u00fanico animal que tropieza dos veces con la misma piedra. Y a\u00f1adir\u00eda que no s\u00f3lo dos veces sino, infinitas ocasiones.<\/h5>\n<p style=\"text-align: justify;\">La primera vez hicieron falta dos copas de vino. Para la segunda tan solo una y, en esta tercera\u2026tan solo fue necesario estar atento a que no se agotar\u00e1n las inscripciones.<\/p>\n<p style=\"text-align: justify;\">Un a\u00f1o m\u00e1s nos encontramos en la recta final de la preparaci\u00f3n de un nuevo <a href=\"http:\/\/eu.ironman.com\/#axzz30G0g8fHh\" rel=\"nofollow noopener\" target=\"_blank\"><strong>Ironman<\/strong><\/a>, de un nuevo reto, de <strong>un nuevo sue\u00f1o por cumplir<\/strong>. Somos muchos los que dedicamos muchas horas de nuestro d\u00eda a d\u00eda a preparar f\u00edsica y psicol\u00f3gicamente a nuestro cuerpo para afrontar con garant\u00edas de \u00e9xito la prueba reina de este deporte que tanto nos gusta.<\/p>\n<p style=\"text-align: justify;\">Este a\u00f1o toca ir al <a href=\"http:\/\/eu.ironman.com\/triathlon\/events\/emea\/ironman\/frankfurt.aspx#axzz30G0g8fHh\" rel=\"nofollow noopener\" target=\"_blank\"><strong>Ironman de Frankfurt<\/strong><\/a>. \u00bfPor qu\u00e9? Por varios motivos. El primero y m\u00e1s importante es porque Alemania es la meca del triatl\u00f3n europeo con dos buenos ejemplos como son <a href=\"http:\/\/www.challenge-roth.com\/de\/index.html\" rel=\"nofollow noopener\" target=\"_blank\"><strong>Roth<\/strong><\/a><strong> y <\/strong><a href=\"http:\/\/eu.ironman.com\/triathlon\/events\/emea\/ironman\/frankfurt.aspx#axzz30G0g8fHh\" rel=\"nofollow noopener\" target=\"_blank\"><strong>Frankfurt<\/strong><\/a>. La gente que conozco que ha participado en alguna de estas dos pruebas <strong>hablan aut\u00e9nticas maravillas<\/strong> de la organizaci\u00f3n y el ambiente, por lo que la decisi\u00f3n fue bastante sencilla.<\/p>\n<p style=\"text-align: justify;\"><strong>En segundo lugar<\/strong> <strong>por las fechas<\/strong>, ya que finales de junio principios de julio, para mi personalmente, es un buen momento para poder prepararlo con garant\u00edas sin que se haga la temporada ni muy corta, ni muy larga. Adem\u00e1s, te permite preparar la segunda parte de la temporada con tranquilidad sabiendo que, si tu objetivo es hacer una prueba de larga distancia al a\u00f1o, ya lo has conseguido.<\/p>\n<p style=\"text-align: justify;\"><strong>Y en tercer lugar<\/strong> porque despu\u00e9s de mis dos primeras experiencias con circuitos de bici con perfil bastante monta\u00f1oso me apetec\u00eda probar un <strong>perfil m\u00e1s plano<\/strong>, m\u00e1s rodador.<\/p>\n<p style=\"text-align: justify;\">Estas son mis razones. Seguro que cada uno tenemos las nuestras pero estoy convencido que todos tenemos el mismo prop\u00f3sito con motivos diferentes que no es otro que poder cruzar la l\u00ednea de meta antes de las 12 de la noche escuchando al speaker decirnos <strong><em>\u201cCongratulations, you are an ironman\u201d.<\/em><\/strong><\/p>\n<p style=\"text-align: justify;\">En esta serie de art\u00edculos, desde <a href=\"https:\/\/miurltemporal.com/main/triatletasenred.sport.es\/actualidad\/mi-primer-ironman-lo-que-muchos-deseamos\/\"><strong>TRIATLETAS EN RED<\/strong><\/a> queremos compartir con todos vosotros el camino a uno de los triatlones m\u00e1s m\u00edticos del calendario internacional que, adem\u00e1s, es Campeonato Europeo y donde han ganado los mejores triatletas del mundo comenzando por <a href=\"http:\/\/www.enekollanos.com\/\" rel=\"nofollow noopener\" target=\"_blank\"><strong>Eneko Llanos<\/strong><\/a> en su \u00faltima edici\u00f3n.<\/p>\n<p style=\"text-align: justify;\">Seguro que disfrutamos juntos contando las experiencias que nos llevar\u00e1n a la l\u00ednea de salida por que <strong>tan solo nos quedan 10 semanas<\/strong>. Estas diez semanas probablemente sean las m\u00e1s importantes para la preparaci\u00f3n de cualquier prueba de larga distancia pero, y de esto no tengo ninguna duda, ser\u00e1n esas que nos har\u00e1n disfrutar al m\u00e1ximo de nuestra experiencia durante los <strong>3,8 km nadando, los 180 km en bici y los 42,195 km corriendo<\/strong>.<\/p>\n<p style=\"text-align: justify;\"><span style=\"color: #323333;\"><a class=\"vc_btn vc_btn-green vc_btn-sm vc_btn_square \" href=\"https:\/\/twitter.com\/manumoreno72\" rel=\"nofollow noopener\" target=\"_blank\">@manumoreno72<\/a>\u00a0<\/span><\/p>\n<p style=\"text-align: justify;\"><em><strong>imagen portada Jaeger ironman.com<\/strong><\/em><\/p>\n","protected":false},"excerpt":{"rendered":"<p>Manu Moreno &#8211; Otra vez y ya van tres\u2026. y eso que de todos es sabido que el hombre es el \u00fanico animal que tropieza dos veces con la misma piedra. Y a\u00f1adir\u00eda que no s\u00f3lo dos veces sino, infinitas ocasiones. La primera vez hicieron falta dos copas de vino. Para la segunda tan solo [&hellip;]<\/p>\n","protected":false},"author":6,"featured_media":23475,"comment_status":"open","ping_status":"open","sticky":false,"template":"","format":"standard","meta":{"_acf_changed":false,"rank_math_lock_modified_date":false,"footnotes":""},"categories":[17,16],"tags":[2093,404,4369,1750,2094,631,461],"class_list":{"0":"post-23460","1":"post","2":"type-post","3":"status-publish","4":"format-standard","5":"has-post-thumbnail","7":"category-actualidad","8":"category-en-red","9":"tag-frankfurt","10":"tag-ironman","11":"tag-ironman-frankfurt","12":"tag-manu-moreno","13":"tag-preparacion-ironman","14":"tag-run","15":"tag-swim"},"acf":[],"_links":{"self":[{"href":"https:\/\/miurltemporal.com/main/triatletasenred.sport.es\/wp-json\/wp\/v2\/posts\/23460"}],"collection":[{"href":"https:\/\/miurltemporal.com/main/triatletasenred.sport.es\/wp-json\/wp\/v2\/posts"}],"about":[{"href":"https:\/\/miurltemporal.com/main/triatletasenred.sport.es\/wp-json\/wp\/v2\/types\/post"}],"author":[{"embeddable":true,"href":"https:\/\/miurltemporal.com/main/triatletasenred.sport.es\/wp-json\/wp\/v2\/users\/6"}],"replies":[{"embeddable":true,"href":"https:\/\/miurltemporal.com/main/triatletasenred.sport.es\/wp-json\/wp\/v2\/comments?post=23460"}],"version-history":[{"count":0,"href":"https:\/\/miurltemporal.com/main/triatletasenred.sport.es\/wp-json\/wp\/v2\/posts\/23460\/revisions"}],"wp:featuredmedia":[{"embeddable":true,"href":"https:\/\/miurltemporal.com/main/triatletasenred.sport.es\/wp-json\/wp\/v2\/media\/23475"}],"wp:attachment":[{"href":"https:\/\/miurltemporal.com/main/triatletasenred.sport.es\/wp-json\/wp\/v2\/media?parent=23460"}],"wp:term":[{"taxonomy":"category","embeddable":true,"href":"https:\/\/miurltemporal.com/main/triatletasenred.sport.es\/wp-json\/wp\/v2\/categories?post=23460"},{"taxonomy":"post_tag","embeddable":true,"href":"https:\/\/miurltemporal.com/main/triatletasenred.sport.es\/wp-json\/wp\/v2\/tags?post=23460"}],"curies":[{"name":"wp","href":"https:\/\/api.w.org\/{rel}","templated":true}]}}