{"id":22838,"date":"2014-04-28T05:35:59","date_gmt":"2014-04-28T04:35:59","guid":{"rendered":"http:\/\/triatletasenred.com\/?p=22838"},"modified":"2016-03-08T15:07:02","modified_gmt":"2016-03-08T13:07:02","slug":"gomez-noya-se-corona-en-ciudad-del-cabo","status":"publish","type":"post","link":"https:\/\/miurltemporal.com/main/triatletasenred.sport.es\/actualidad\/gomez-noya-se-corona-en-ciudad-del-cabo\/","title":{"rendered":"G\u00f3mez Noya se corona en Ciudad del Cabo"},"content":{"rendered":"<h5 style=\"text-align: justify;\">El triatleta espa\u00f1ol logr\u00f3 su segunda victoria de la temporada, esta vez, en suelo africano. Gomez Noya rompi\u00f3 la carrera en el kil\u00f3metro seis de la carrera a pie con un ataque al que no pudo responder Jonathan Brownlee.<\/h5>\n<p style=\"text-align: justify;\"><img fetchpriority=\"high\" decoding=\"async\" class=\"aligncenter\" style=\"font-weight: inherit; font-style: inherit;\" src=\"https:\/\/dl.dropboxusercontent.com\/u\/31969244\/ATRIENRED\/fotos%20TER\/pablo.jpg\" alt=\"\" width=\"557\" height=\"103\" \/><\/p>\n<p style=\"text-align: justify;\">Las Series Mundiales de triatl\u00f3n tienen un dominador. Naci\u00f3 en Suiza, pero es espa\u00f1ol. Y no para de dar alegr\u00edas a la comunidad polideportiva. Lejos del circulo medi\u00e1tico del deporte rey, Javier G\u00f3mez Noya volvi\u00f3 a dar este domingo otro recital. Venci\u00f3 con contundencia en Ciudad del Cabo y sigue l\u00edder del ranking mundial.<\/p>\n<p style=\"text-align: justify;\">G\u00f3mez Noya no va de farol. Los duros entrenamientos de pretemporada est\u00e1n dando sus frutos. La carrera a pie fue, una vez m\u00e1s, decisiva en la victoria del triatleta ferrolano. En los \u00faltimos kil\u00f3metros dio el golpe definitivo hacia la victoria, cimentada en una excelente nataci\u00f3n y un desgaste relativo en el tramo ciclista.<\/p>\n<p style=\"text-align: justify;\">Con su triunfo en Ciudad del Cabo, G\u00f3mez Noya se convierte en el primer triatleta que consigue arrancar una temporada de Series Mundiales con dos victorias en las dos primeras citas. Adem\u00e1s, con su tercer triunfo consecutivo en las WTS iguala el r\u00e9cord de Alistair Brownlee en 2009 con sus tres victorias en Madrid, Washington DC y Kitzbuhel. Un Alistair Brownlee que a\u00fan no ha puntuado en estas WTS, tras no participar en la prueba de Auckland ni en la de Ciudad del Cabo.<\/p>\n<p style=\"text-align: justify;\">La victoria del triple campe\u00f3n del mundo se empez\u00f3 a gestar en la nataci\u00f3n. El sector a nado estuvo dominado por el eslovaco Richard Varga, un aut\u00e9ntico especialista, seguido del \u2018tibur\u00f3n\u2019 Cesc Godoy. Noya sali\u00f3 en el top10 y r\u00e1pidamente se incorpor\u00f3 a un pelot\u00f3n de catorce triatletas, donde se encontraba su m\u00e1ximo rival, Jonny Brownlee. Lejos, Mario Mola perd\u00eda 46 segundos en el agua, que le impedir\u00edan al final, poder luchar por el p\u00f3dium.<\/p>\n<p style=\"text-align: justify;\">Durante un total de ocho vueltas al circuito ciclista, el grupo de cabeza impuso un fuerte ritmo con el objetivo de distanciarse al m\u00e1ximo del grupo perseguidor. Con G\u00f3mez Noya y Jonny Brownlee a la cabeza, los triatletas del grupo cabecero daban relevos cortos constantemente. Entre los l\u00edderes, el joven compa\u00f1ero de Noya en los entrenamientos, Henri Schoeman se luc\u00eda frente a su afici\u00f3n pese a que al final acabar\u00eda explotando en la carrera a pie como le ocurri\u00f3 en Auckland.<\/p>\n<p style=\"text-align: justify;\">Como en la mayor\u00eda de carreras, la victoria se iba a definir en los \u00faltimos diez kil\u00f3metros de carrera a pie. Nada m\u00e1s salir de la segunda transici\u00f3n, brit\u00e1nico y espa\u00f1ol abr\u00edan una importante brecha respecto de sus m\u00e1s inmediatos perseguidores. Entre ellos, Mario Mola, que acabar\u00eda realizando el mejor parcial a pie y remontando hasta la cuarta posici\u00f3n. El balear se qued\u00f3 a escasos nueve segundos de pisar el p\u00f3dium por primera vez esta temporada.<\/p>\n<p style=\"text-align: justify;\">El golpe definitivo de Noya se fragu\u00f3 entrada la tercera de las cuatro vueltas de carrera a pie. G\u00f3mez Noya pon\u00eda la sexta marcha y se alejaba de Jonny Brownlee. El brit\u00e1nico fue incapaz de responder el ataque del triatleta gallego y G\u00f3mez Noya se llev\u00f3 la victoria en Ciudad del Cabo. A 19 segundos llegaba Jonathan Brownlee, y tercero, el ruso Dmitry Polyanskiy, a 43 segundos del triple campe\u00f3n del mundo.<\/p>\n<p style=\"text-align: justify;\">El resto de espa\u00f1oles, adem\u00e1s de la excelente cuarta posici\u00f3n de Mario Mola, complet\u00f3 una buena actuaci\u00f3n a pesar del abandono de Ux\u00edo Abuin en el sector ciclista. Vicente Hern\u00e1ndez fue vig\u00e9simo, seguido por Cesc Godoy vigesimoprimero y Ricardo Hern\u00e1ndez, en la posici\u00f3n 43.<\/p>\n<p style=\"text-align: justify;\">Tras las victorias en Auckland y Ciudad del Cabo, el ferrolano lidera el ranking de las Series Mundiales con 1.600 puntos. Tras \u00e9l, Jonny Brownlee segundo con 1.480 puntos, Aaron Royle tercero con 1.227 y cuarto ya es el espa\u00f1ol Mario Mola, con 1.097. La pr\u00f3xima cita de las World Trithlon Series de la ITU tendr\u00e1 lugar el fin de semana del 17-18 de mayo en Yokohama, Jap\u00f3n.<\/p>\n<p style=\"text-align: justify;\"><span style=\"color: #323333;\"><a class=\"vc_btn vc_btn-orange vc_btn-sm vc_btn_square \" href=\"https:\/\/twitter.com\/PabloBoschG\" rel=\"nofollow noopener\" target=\"_blank\">@PabloBoschG<\/a><\/span><\/p>\n<p style=\"text-align: justify;\"><em><strong>imagen de portada ITU Media<\/strong><\/em><\/p>\n","protected":false},"excerpt":{"rendered":"<p>El triatleta espa\u00f1ol logr\u00f3 su segunda victoria de la temporada, esta vez, en suelo africano. Gomez Noya rompi\u00f3 la carrera en el kil\u00f3metro seis de la carrera a pie con un ataque al que no pudo responder Jonathan Brownlee. Las Series Mundiales de triatl\u00f3n tienen un dominador. Naci\u00f3 en Suiza, pero es espa\u00f1ol. Y no [&hellip;]<\/p>\n","protected":false},"author":12,"featured_media":22839,"comment_status":"open","ping_status":"open","sticky":false,"template":"","format":"standard","meta":{"_acf_changed":false,"rank_math_lock_modified_date":false,"footnotes":""},"categories":[17,1191],"tags":[2011,930,819,893,1225,923,24,2004],"class_list":{"0":"post-22838","1":"post","2":"type-post","3":"status-publish","4":"format-standard","5":"has-post-thumbnail","7":"category-actualidad","8":"category-triatlon","9":"tag-cape-town","10":"tag-itu","11":"tag-javier-gomez-noya","12":"tag-mario-mola","13":"tag-pablo-bosch","14":"tag-triathlon","15":"tag-triatlon","16":"tag-world-triathlon-series-mundiales"},"acf":[],"_links":{"self":[{"href":"https:\/\/miurltemporal.com/main/triatletasenred.sport.es\/wp-json\/wp\/v2\/posts\/22838"}],"collection":[{"href":"https:\/\/miurltemporal.com/main/triatletasenred.sport.es\/wp-json\/wp\/v2\/posts"}],"about":[{"href":"https:\/\/miurltemporal.com/main/triatletasenred.sport.es\/wp-json\/wp\/v2\/types\/post"}],"author":[{"embeddable":true,"href":"https:\/\/miurltemporal.com/main/triatletasenred.sport.es\/wp-json\/wp\/v2\/users\/12"}],"replies":[{"embeddable":true,"href":"https:\/\/miurltemporal.com/main/triatletasenred.sport.es\/wp-json\/wp\/v2\/comments?post=22838"}],"version-history":[{"count":0,"href":"https:\/\/miurltemporal.com/main/triatletasenred.sport.es\/wp-json\/wp\/v2\/posts\/22838\/revisions"}],"wp:featuredmedia":[{"embeddable":true,"href":"https:\/\/miurltemporal.com/main/triatletasenred.sport.es\/wp-json\/wp\/v2\/media\/22839"}],"wp:attachment":[{"href":"https:\/\/miurltemporal.com/main/triatletasenred.sport.es\/wp-json\/wp\/v2\/media?parent=22838"}],"wp:term":[{"taxonomy":"category","embeddable":true,"href":"https:\/\/miurltemporal.com/main/triatletasenred.sport.es\/wp-json\/wp\/v2\/categories?post=22838"},{"taxonomy":"post_tag","embeddable":true,"href":"https:\/\/miurltemporal.com/main/triatletasenred.sport.es\/wp-json\/wp\/v2\/tags?post=22838"}],"curies":[{"name":"wp","href":"https:\/\/api.w.org\/{rel}","templated":true}]}}