{"id":22824,"date":"2014-04-28T05:33:56","date_gmt":"2014-04-28T04:33:56","guid":{"rendered":"http:\/\/triatletasenred.com\/?p=22824"},"modified":"2014-07-17T00:16:00","modified_gmt":"2014-07-16T23:16:00","slug":"cronica-desde-el-dorsal-ican-malaga","status":"publish","type":"post","link":"https:\/\/miurltemporal.com/main/triatletasenred.sport.es\/competiciones\/triatlon\/cronica-desde-el-dorsal-ican-malaga\/","title":{"rendered":"Cr\u00f3nica desde el dorsal: ICAN Malaga"},"content":{"rendered":"<h5 style=\"text-align: justify;\">Al poco de salir el Sol sobre la arena malague\u00f1a, sonaba el bocinazo de salida en la playa de la Misericorida para dar comienzo al ICAN Triathlon de M\u00e1laga 2014. Un mar plano, con algo de corriente, y a poco m\u00e1s de 14\u00baC era el primer escenario que tendr\u00edan que afrontar los casi 1000 triatletas en un formato 2-80-21.<\/h5>\n<p><a href=\"https:\/\/twitter.com\/kickecr\" target=\"_blank\" rel=\"nofollow noopener\"><img fetchpriority=\"high\" decoding=\"async\" class=\"alignnone\" src=\"https:\/\/dl.dropboxusercontent.com\/u\/3879676\/triATLETAS\/imatges\/colaboradores\/Banners\/kike.jpg\" alt=\"\" width=\"557\" height=\"103\" \/><\/a><\/p>\n<p style=\"text-align: justify;\">Mientras a\u00fan llegaban los triatletas del ICAN57 tocaban tierra los primeros PRO con el gran favorito, Eneko Llanos, a la cabeza. Junto a \u00e9l sal\u00eda Victoriano Raso, Iv\u00e1n y Sergio Tejero y el brit\u00e1nico Joe Skipper. Tan s\u00f3lo 90 segundos ced\u00eda el bicampe\u00f3n del Mundo Xterra, el tambi\u00e9n local Rub\u00e9n Ruzafa. A 3 minutos sal\u00eda el vigente campe\u00f3n Gustavo Rodr\u00edguez y m\u00e1s atr\u00e1s el tambi\u00e9n exciclista Jos\u00e9 Almagro.<\/p>\n<p style=\"text-align: justify;\">Ruzafa sal\u00eda a por todas desde el primer recortando mucho a los de delante en los primeros kil\u00f3metros. Los espectadores esperaban la llegada de las primeras bicis de la distancia corta, cuando aparece Eneko despistando a todos, \u00bfera posible? M\u00e1s tarde volv\u00eda a pasar tras Ruzafa, que lideraba la carrera y al llegar a T2 abandonaba la carrera pues se hab\u00eda equivocado en una de las rotondas acortando el recorrido como as\u00ed reconocer\u00eda \u00e9l. As\u00ed quedaba primero el especialista en Xterra, seguido a minuto y medio por Rodr\u00edguez, en tierra de nadie Skipper y por detr\u00e1s el tr\u00edo de malague\u00f1os con los hermanos Tejero y Victoriano Raso. El menor de los Tejero abandonar\u00eda por lesi\u00f3n. Almagro ven\u00eda firmando una gran remontada y llegaba detr\u00e1s de Ortega, y detr\u00e1s un grupo con algunos triatletas extranjeros y el almeriense Lao.<\/p>\n<p style=\"text-align: justify;\">Ya en el paseo mar\u00edtimo para completar las 4 vueltas del circuito pedestre, el gallego recortaba tiempo con el l\u00edder y se ve\u00eda ganador, ya que marchaba con margen con el brit\u00e1nico y Ruzafa pasaba por malos momentos. La medalla de chocolate se pagaba caro, con un Victoriano Raso muy bravo aunque en la \u00faltima vuelta le pas\u00f3 factura y cedi\u00f3 hasta la 9\u00aa posici\u00f3n en favor de Almagro y Ortega que fueron 7\u00ba y 8\u00ba respectivamente.<\/p>\n<p style=\"text-align: justify;\">En chicas, un &#8216;costa a costa&#8217; de la gallega Aida Vali\u00f1o, saliendo destacada del agua y demostrando su poder\u00edo sobre la cabra baj\u00e1ndose con media carrera en T2. Por detr\u00e1s bailar\u00edan los puestos entre las j\u00f3venes Mintegui y Bueno, aunque finalmente la veteran\u00eda de Natalia Ra\u00f1a jugar\u00eda a su favor haci\u00e9ndose con la plata por delante de la vitoriana.<\/p>\n<p style=\"text-align: justify;\"><a class=\"vc_btn vc_btn-red vc_btn-sm vc_btn_square \" href=\"http:\/\/twitter.com\/kickecr\" rel=\"nofollow noopener\" target=\"_blank\">@kickecr<\/a><\/p>\n","protected":false},"excerpt":{"rendered":"<p>Al poco de salir el Sol sobre la arena malague\u00f1a, sonaba el bocinazo de salida en la playa de la Misericorida para dar comienzo al ICAN Triathlon de M\u00e1laga 2014. Un mar plano, con algo de corriente, y a poco m\u00e1s de 14\u00baC era el primer escenario que tendr\u00edan que afrontar los casi 1000 triatletas [&hellip;]<\/p>\n","protected":false},"author":10,"featured_media":22825,"comment_status":"open","ping_status":"open","sticky":false,"template":"","format":"standard","meta":{"_acf_changed":false,"rank_math_lock_modified_date":false,"footnotes":""},"categories":[1191],"tags":[1998,2009,1260,667,631,461,2010,1000],"class_list":{"0":"post-22824","1":"post","2":"type-post","3":"status-publish","4":"format-standard","5":"has-post-thumbnail","7":"category-triatlon","8":"tag-ican","9":"tag-ican-malaga","10":"tag-kicke-cabello","11":"tag-malaga","12":"tag-run","13":"tag-swim","14":"tag-tiratlon","15":"tag-tri"},"acf":[],"_links":{"self":[{"href":"https:\/\/miurltemporal.com/main/triatletasenred.sport.es\/wp-json\/wp\/v2\/posts\/22824"}],"collection":[{"href":"https:\/\/miurltemporal.com/main/triatletasenred.sport.es\/wp-json\/wp\/v2\/posts"}],"about":[{"href":"https:\/\/miurltemporal.com/main/triatletasenred.sport.es\/wp-json\/wp\/v2\/types\/post"}],"author":[{"embeddable":true,"href":"https:\/\/miurltemporal.com/main/triatletasenred.sport.es\/wp-json\/wp\/v2\/users\/10"}],"replies":[{"embeddable":true,"href":"https:\/\/miurltemporal.com/main/triatletasenred.sport.es\/wp-json\/wp\/v2\/comments?post=22824"}],"version-history":[{"count":0,"href":"https:\/\/miurltemporal.com/main/triatletasenred.sport.es\/wp-json\/wp\/v2\/posts\/22824\/revisions"}],"wp:featuredmedia":[{"embeddable":true,"href":"https:\/\/miurltemporal.com/main/triatletasenred.sport.es\/wp-json\/wp\/v2\/media\/22825"}],"wp:attachment":[{"href":"https:\/\/miurltemporal.com/main/triatletasenred.sport.es\/wp-json\/wp\/v2\/media?parent=22824"}],"wp:term":[{"taxonomy":"category","embeddable":true,"href":"https:\/\/miurltemporal.com/main/triatletasenred.sport.es\/wp-json\/wp\/v2\/categories?post=22824"},{"taxonomy":"post_tag","embeddable":true,"href":"https:\/\/miurltemporal.com/main/triatletasenred.sport.es\/wp-json\/wp\/v2\/tags?post=22824"}],"curies":[{"name":"wp","href":"https:\/\/api.w.org\/{rel}","templated":true}]}}