{"id":22351,"date":"2014-04-07T07:02:10","date_gmt":"2014-04-07T06:02:10","guid":{"rendered":"http:\/\/triatletasenred.com\/?p=22351"},"modified":"2014-04-15T06:07:25","modified_gmt":"2014-04-15T05:07:25","slug":"meritoria-octava-posicion-blanchart-sudafrica","status":"publish","type":"post","link":"https:\/\/miurltemporal.com/main/triatletasenred.sport.es\/actualidad\/meritoria-octava-posicion-blanchart-sudafrica\/","title":{"rendered":"Meritoria octava posici\u00f3n de Blanchart en Sud\u00e1frica"},"content":{"rendered":"<h5 style=\"text-align: justify;\">Miquel Blanchart sigue forj\u00e1ndose el camino hacia Kona. Este domingo, se col\u00f3 en el top10 del Ironman de Sud\u00e1frica con una excelente octava posici\u00f3n en una carrera con mucho nivel.<\/h5>\n<p><img fetchpriority=\"high\" decoding=\"async\" class=\"aligncenter\" alt=\"\" src=\"https:\/\/dl.dropboxusercontent.com\/u\/31969244\/ATRIENRED\/fotos%20TER\/pablo.jpg\" width=\"557\" height=\"103\" \/><\/p>\n<p style=\"text-align: justify;\">El pa\u00eds que acoger\u00e1 por primera vez las World Triathlon Series en el continente africano celebr\u00f3 este domingo el d\u00e9cimo aniversario de su prueba de larga distancia m\u00e1s importante. El <strong>Ironman de Sud\u00e1frica<\/strong> celebraba su d\u00e9cima edici\u00f3n con una lista de gran nivel encabezada por <strong>James Cunnama<\/strong>, <strong>Faris Al-Sultan<\/strong>, <strong>Diederen<\/strong>, <strong>Buckingham<\/strong>, <strong>Schildknecht<\/strong> y <strong>Frommhold<\/strong>, entre otros.<\/p>\n<p style=\"text-align: justify;\">La victoria en esta d\u00e9cima edici\u00f3n, marcada por el buen clima en la <strong>Nelson Mandela Bay<\/strong>, se la llev\u00f3 el alem\u00e1n\u00a0Nils Frommhold con un tiempo total de 08:26:06. <strong>Frommhold<\/strong> sali\u00f3 primero del tramo de nataci\u00f3n, pero en los primeros kil\u00f3metros de bicicleta domin\u00f3 su compatriota Faris Al-Sult\u00e1n.<\/p>\n<p style=\"text-align: justify;\">Frommhold , Buckingham , Diederen y Al -Sultan fueron intercambi\u00e1ndose posiciones a lo largo de los 180 kil\u00f3metros de ciclismo. A falta de menos de cincuenta kil\u00f3metros, Frommhold dar\u00eda el golpe que a la postre ser\u00eda definitivo de cara a la victoria. El alem\u00e1n llegaba a la segunda transici\u00f3n con algo m\u00e1s de cinco minutos de ventaja sobre sus inmediatos perseguidores y arrancaba a correr de forma s\u00f3lida, camino de la victoria.<\/p>\n<p style=\"text-align: justify;\">La batalla estaba por detr\u00e1s. <strong>Buckingham<\/strong> y <strong>Al-Sult\u00e1n<\/strong> se jugaban el segundo caj\u00f3n del p\u00f3dium. A falta de diez kil\u00f3metros, Buckingham tuvo un desfallecimiento y perdi\u00f3 ritmo hasta tener que caminar. El alem\u00e1n Al-Sult\u00e1n le adelant\u00f3, buscando su primer p\u00f3dium en el IM Sud\u00e1frica. Pero para deleite del p\u00fablico, el sud\u00e1fricano Buckingham, que compet\u00eda en su ciudad natal, se repon\u00eda a falta de menos de cinco kil\u00f3metros y entraba segundo en meta con cuarenta segundos de margen sobre el alem\u00e1n.\u00a0Finalmente, Faris Al-Sult\u00e1n lograba su primer p\u00f3dium en el Ironman de Sud\u00e1frica tras tres intentos frustrados con una tercera posici\u00f3n.<\/p>\n<p style=\"text-align: justify;\">El catal\u00e1n <strong>Miquel Blanchart<\/strong> logr\u00f3 ser octavo en su estreno en Ironman con su nueva montura, la BH Aerolight que tambi\u00e9n utiliza Eneko Llanos. Blanchart sigue su camino al <strong>Ironman de Haw\u00e1i<\/strong> esta temporada, ya recuperado de la lesi\u00f3n que le dej\u00f3 el accidente que tuvo mientras entrenaba a finales de la temporada.<\/p>\n<p style=\"text-align: justify;\">En categor\u00eda <strong>femenina<\/strong>, la victoria fue para la suiza\u00a0<strong>Simone Braendli<\/strong> \u00a0(09:31:53), que se impuso por poco m\u00e1s de un minuto a la brit\u00e1nica\u00a0Lucy Gossage. Tercera se clasific\u00f3 la tambi\u00e9n brit\u00e1nica\u00a0Jodie Swallow con un tiempo de 09:33:58. La prueba no cont\u00f3 con representaci\u00f3n espa\u00f1ola en categor\u00eda \u00e9lite.<\/p>\n<a class=\"vc_btn vc_btn-orange vc_btn-sm vc_btn_square \" href=\"https:\/\/twitter.com\/PabloBoschG\" rel=\"nofollow noopener\" target=\"_blank\">@PabloBoschG<\/a>\n<p><em><strong>imagen portada Miquel Blanchart en Challenge Barcelona-Maresme (Triathlon Hebdo)<\/strong><\/em><\/p>\n","protected":false},"excerpt":{"rendered":"<p>Miquel Blanchart sigue forj\u00e1ndose el camino hacia Kona. Este domingo, se col\u00f3 en el top10 del Ironman de Sud\u00e1frica con una excelente octava posici\u00f3n en una carrera con mucho nivel. El pa\u00eds que acoger\u00e1 por primera vez las World Triathlon Series en el continente africano celebr\u00f3 este domingo el d\u00e9cimo aniversario de su prueba de [&hellip;]<\/p>\n","protected":false},"author":12,"featured_media":22355,"comment_status":"open","ping_status":"open","sticky":false,"template":"","format":"standard","meta":{"_acf_changed":false,"rank_math_lock_modified_date":false,"footnotes":""},"categories":[17,1191],"tags":[1398,218,404,191,1963,24],"class_list":{"0":"post-22351","1":"post","2":"type-post","3":"status-publish","4":"format-standard","5":"has-post-thumbnail","7":"category-actualidad","8":"category-triatlon","9":"tag-hawai","10":"tag-im","11":"tag-ironman","12":"tag-miquel-blanchart","13":"tag-sudafrica","14":"tag-triatlon"},"acf":[],"_links":{"self":[{"href":"https:\/\/miurltemporal.com/main/triatletasenred.sport.es\/wp-json\/wp\/v2\/posts\/22351"}],"collection":[{"href":"https:\/\/miurltemporal.com/main/triatletasenred.sport.es\/wp-json\/wp\/v2\/posts"}],"about":[{"href":"https:\/\/miurltemporal.com/main/triatletasenred.sport.es\/wp-json\/wp\/v2\/types\/post"}],"author":[{"embeddable":true,"href":"https:\/\/miurltemporal.com/main/triatletasenred.sport.es\/wp-json\/wp\/v2\/users\/12"}],"replies":[{"embeddable":true,"href":"https:\/\/miurltemporal.com/main/triatletasenred.sport.es\/wp-json\/wp\/v2\/comments?post=22351"}],"version-history":[{"count":0,"href":"https:\/\/miurltemporal.com/main/triatletasenred.sport.es\/wp-json\/wp\/v2\/posts\/22351\/revisions"}],"wp:featuredmedia":[{"embeddable":true,"href":"https:\/\/miurltemporal.com/main/triatletasenred.sport.es\/wp-json\/wp\/v2\/media\/22355"}],"wp:attachment":[{"href":"https:\/\/miurltemporal.com/main/triatletasenred.sport.es\/wp-json\/wp\/v2\/media?parent=22351"}],"wp:term":[{"taxonomy":"category","embeddable":true,"href":"https:\/\/miurltemporal.com/main/triatletasenred.sport.es\/wp-json\/wp\/v2\/categories?post=22351"},{"taxonomy":"post_tag","embeddable":true,"href":"https:\/\/miurltemporal.com/main/triatletasenred.sport.es\/wp-json\/wp\/v2\/tags?post=22351"}],"curies":[{"name":"wp","href":"https:\/\/api.w.org\/{rel}","templated":true}]}}