{"id":21633,"date":"2014-03-14T06:00:04","date_gmt":"2014-03-14T05:00:04","guid":{"rendered":"http:\/\/triatletasenred.com\/?p=21633"},"modified":"2016-03-08T14:55:30","modified_gmt":"2016-03-08T12:55:30","slug":"previa-del-abu-dhabi-international-triathlon","status":"publish","type":"post","link":"https:\/\/miurltemporal.com/main/triatletasenred.sport.es\/actualidad\/previa-del-abu-dhabi-international-triathlon\/","title":{"rendered":"ENEKO Vs Van Lierde . Espect\u00e1culo en Abu Dhabi International Triathlon"},"content":{"rendered":"<h5 style=\"text-align: justify;\">Lejos de ser un circo de petrod\u00f3lares, el Abu Dhabi Triathlon se ha consolidado como una gran prueba internacional tanto a nivel profesional como para los aficionados m\u00e1s pudientes.<\/h5>\n<p><a href=\"https:\/\/twitter.com\/kickecr\" target=\"_blank\" rel=\"nofollow noopener\"><img fetchpriority=\"high\" decoding=\"async\" class=\"alignnone\" src=\"https:\/\/dl.dropboxusercontent.com\/u\/3879676\/triATLETAS\/imatges\/colaboradores\/Banners\/kike.jpg\" alt=\"\" width=\"557\" height=\"103\" \/><\/a><\/p>\n<p style=\"text-align: justify;\">En un formato diferente, ajust\u00e1ndose a las condiciones clim\u00e1ticas de la zona la LD consta de distancia 3\/200\/20, la mitad para la distancia corta y un cuarto para la sprint, todas ellas sin drafting permitido. Una nataci\u00f3n f\u00e1cil, a dos vueltas y con agua en calma, antecede a los 200 kil\u00f3metros por el desierto y el circuito de f\u00f3rmula 1 de Yas Marina que marcar\u00e1n las diferencias antes del recorrido urbano a pie. El rival que tendr\u00e1n que batir todos ser\u00e1 el calor unido a las rachas de viento del desierto, que pondr\u00e1n la dureza al recorrido.<\/p>\n<p style=\"text-align: justify;\"><img decoding=\"async\" class=\"alignright\" src=\"https:\/\/dl.dropboxusercontent.com\/u\/3879676\/triATLETAS\/imatges\/varies\/Spains-Llanos-narrowly-missed-out-on-his-second-Abu-Dhabi-win.jpg\" alt=\"\" width=\"210\" height=\"210\" \/>Primera piedra de toque para muchos PROs, el cartel de este a\u00f1o quiz\u00e1s no sea tan espectacular como el de a\u00f1os anteriores, pero lo que s\u00ed est\u00e1 claro es que no defraudar\u00e1. Aqu\u00ed comenz\u00f3 el camino a la corona de hojas el belga Frederik Van Lierde en 2013, batiendo a Eneko Llanos desde los \u00faltimos kil\u00f3metros ciclistas. El vitoriano no se muestra muy confiado respecto a su estado de forma, pues ha pasado todo el invierno en Vitoria por el nacimiento de su hijo. El tercero en discordia, el bermude\u00f1o Tyler Butterfield, tambi\u00e9n estar\u00e1 en 2014 junto a ellos para cerrar el principal elenco de favoritos. El sudafricano James Cunnama, medalla de chocolate en Kona 2013 es otro que puede asaltar al podio, pues viene de ganar el 70.3 de su pa\u00eds y el de Cozumel. El grupo de <i>outsiders<\/i> lo forman conocidos de pruebas espa\u00f1olas como Bas Diederen, Per Bittner y el reaparecido Sylvain Sudrie.<\/p>\n<p style=\"text-align: justify;\">En chicas defiende el t\u00edtulo la aussie Melissa Hauschildt, que viene de ganar el Half Challenge de Filipinas y es especialista sobre esa distancia. Grandes ciclistas no se lo pondr\u00e1n f\u00e1cil como Caroline Steffen o Jodie Swallow, que intentar\u00e1 liderar la prueba desde la primera brazada y una carrera &#8216;corta&#8217; de 20km le beneficia. La danesa afincada en Lanzarote, Michelle Vesterby, intentar\u00e1 mejorar su tercer puesto del a\u00f1o pasado.<\/p>\n<p style=\"text-align: justify;\">De nuevo el atractivo de la distancia corta lo ponen como no pod\u00eda ser de otra manera los hermanos de Leeds. Los Brownlee vuelven a empezar su temporada sobre la &#8216;cabra&#8217; y esta vez ante aut\u00e9nticos especialistas sobre las dos ruedas como el belga Bart Aernouts y Ronnie Schildknecht, que deben jugar <i>all in<\/i> al sector ciclista y que no les pasen los brit\u00e1nicos por encima a pie. El franc\u00e9s Tony Moulai, ser\u00e1 otro ITU en discordia. En chicas sobre esta distancia ser\u00eda una sorpresa que no ganase Annabel Luxford.<\/p>\n<p style=\"text-align: justify;\">Para a\u00f1adir otro atractivo m\u00e1s, los 40.000 d\u00f3lares de premio en met\u00e1lico para los vencedores de la LD, y los 15.000 para los de la corta.<\/p>\n<p style=\"text-align: justify;\"><a class=\"vc_btn vc_btn-blue vc_btn-sm vc_btn_square \" href=\"http:\/\/twitter.com\/AbuDhabiTri\" rel=\"nofollow noopener\" target=\"_blank\">@AbuDhabiTri<\/a><\/p>\n<p style=\"text-align: justify;\"><a class=\"vc_btn vc_btn-red vc_btn-sm vc_btn_square \" href=\"http:\/\/twitter.com\/kickecr\" rel=\"nofollow noopener\" target=\"_blank\">@kickecr<\/a><\/p>\n","protected":false},"excerpt":{"rendered":"<p>Lejos de ser un circo de petrod\u00f3lares, el Abu Dhabi Triathlon se ha consolidado como una gran prueba internacional tanto a nivel profesional como para los aficionados m\u00e1s pudientes. En un formato diferente, ajust\u00e1ndose a las condiciones clim\u00e1ticas de la zona la LD consta de distancia 3\/200\/20, la mitad para la distancia corta y un [&hellip;]<\/p>\n","protected":false},"author":10,"featured_media":21635,"comment_status":"open","ping_status":"open","sticky":false,"template":"","format":"standard","meta":{"_acf_changed":false,"rank_math_lock_modified_date":false,"footnotes":""},"categories":[17,1191],"tags":[1892,1891,1260,3186,631,461,1000,923,720,24],"class_list":{"0":"post-21633","1":"post","2":"type-post","3":"status-publish","4":"format-standard","5":"has-post-thumbnail","7":"category-actualidad","8":"category-triatlon","9":"tag-abu-dhabi","10":"tag-abu-dhabi-international-triathlon","11":"tag-kicke-cabello","12":"tag-hauschildt","13":"tag-run","14":"tag-swim","15":"tag-tri","16":"tag-triathlon","17":"tag-triatlo","18":"tag-triatlon"},"acf":[],"_links":{"self":[{"href":"https:\/\/miurltemporal.com/main/triatletasenred.sport.es\/wp-json\/wp\/v2\/posts\/21633"}],"collection":[{"href":"https:\/\/miurltemporal.com/main/triatletasenred.sport.es\/wp-json\/wp\/v2\/posts"}],"about":[{"href":"https:\/\/miurltemporal.com/main/triatletasenred.sport.es\/wp-json\/wp\/v2\/types\/post"}],"author":[{"embeddable":true,"href":"https:\/\/miurltemporal.com/main/triatletasenred.sport.es\/wp-json\/wp\/v2\/users\/10"}],"replies":[{"embeddable":true,"href":"https:\/\/miurltemporal.com/main/triatletasenred.sport.es\/wp-json\/wp\/v2\/comments?post=21633"}],"version-history":[{"count":0,"href":"https:\/\/miurltemporal.com/main/triatletasenred.sport.es\/wp-json\/wp\/v2\/posts\/21633\/revisions"}],"wp:featuredmedia":[{"embeddable":true,"href":"https:\/\/miurltemporal.com/main/triatletasenred.sport.es\/wp-json\/wp\/v2\/media\/21635"}],"wp:attachment":[{"href":"https:\/\/miurltemporal.com/main/triatletasenred.sport.es\/wp-json\/wp\/v2\/media?parent=21633"}],"wp:term":[{"taxonomy":"category","embeddable":true,"href":"https:\/\/miurltemporal.com/main/triatletasenred.sport.es\/wp-json\/wp\/v2\/categories?post=21633"},{"taxonomy":"post_tag","embeddable":true,"href":"https:\/\/miurltemporal.com/main/triatletasenred.sport.es\/wp-json\/wp\/v2\/tags?post=21633"}],"curies":[{"name":"wp","href":"https:\/\/api.w.org\/{rel}","templated":true}]}}