{"id":20203,"date":"2014-01-20T21:47:15","date_gmt":"2014-01-20T20:47:15","guid":{"rendered":"http:\/\/triatletasenred.com\/?p=20203"},"modified":"2014-01-20T21:47:15","modified_gmt":"2014-01-20T20:47:15","slug":"todo-empieza-cronica-desde-el-dorsal-de-la-bh-duatlon-el-masnou-teia-de-life-events","status":"publish","type":"post","link":"https:\/\/miurltemporal.com/main/triatletasenred.sport.es\/actualidad\/todo-empieza-cronica-desde-el-dorsal-de-la-bh-duatlon-el-masnou-teia-de-life-events\/","title":{"rendered":"Todo empieza. Cr\u00f3nica desde el dorsal de la BH Duatl\u00f3n El Masnou &#8211; Tei\u00e0 de Life For Events"},"content":{"rendered":"<h4 style=\"text-align: justify;\">ZEUS D\u00cdAZ &#8211; Life For Events \u00a0debutaba este fin de semana en la organizaci\u00f3n de una duatl\u00f3n y lo hac\u00eda de forma elegante, El Masnou el lugar, (cuna de mucho tri-amante catal\u00e1n) y el Primer BH Duatl\u00f3n El Masnou \u2013 Tei\u00e0, es el objetivo&#8230; \u00a1Lo ten\u00edamos todo para disfrutar de un buen evento atl\u00e9tico!<\/h4>\n<p style=\"text-align: justify;\">Las condiciones metereol\u00f3gicas no permitieron a <a href=\"http:\/\/www.lifeforevents.com\/LIFE_FOR_EVENTS\/INICIO.html\" target=\"_blank\" rel=\"nofollow noopener\">Life For Events<\/a> llevar a cabo lo que promet\u00eda ser una bonita carrera, un bonito duatl\u00f3n, caracterizado por un tramo de bicicleta t\u00e9cnico y \u00e1spero por su desnivel, que pretend\u00eda dar mucho que hablar dentro y fuera de la carrera, pero impracticable dadas las circunstancias. Acertad\u00edsima decisi\u00f3n de la organizaci\u00f3n como siempre que se prima la seguridad del deportista, aunque en palabras de Sergio Del R\u00edo, miembro de Life For Events &#8211; &#8221; fue una dificil decisi\u00f3n muy meditada de la que hoy estamos igual de convencidos de su acierto&#8221;<\/p>\n<p style=\"text-align: justify;\"><a href=\"https:\/\/miurltemporal.com/main/triatletasenred.sport.es\/wp-content\/uploads\/garcia.jpg\"><img fetchpriority=\"high\" decoding=\"async\" class=\"alignleft size-medium wp-image-20205\" alt=\"garcia\" src=\"https:\/\/miurltemporal.com/main/triatletasenred.sport.es\/wp-content\/uploads\/garcia-200x300.jpg\" width=\"200\" height=\"300\" srcset=\"https:\/\/miurltemporal.com/main/triatletasenred.sport.es\/wp-content\/uploads\/garcia-200x300.jpg 200w, https:\/\/miurltemporal.com/main/triatletasenred.sport.es\/wp-content\/uploads\/garcia.jpg 640w\" sizes=\"(max-width: 200px) 100vw, 200px\" \/><\/a>A\u00fan as\u00ed, una vez m\u00e1s se palparon ganas de deporte, de sacrificio y superaci\u00f3n, y de buen ambiente en general. Definitivamente fue una carrera a pie de unos 8,5 kil\u00f3metros, resultado de sumar una vuelta al recorrido de bici (6 km) y otra al circuito de carrera (2,5 km).<\/p>\n<p style=\"text-align: justify;\">Despu\u00e9s de la jornada, las opiniones son varias, sobre todo en las redes pero \u00a0sin duda es todos coinciden en el \u00a010 para Life For Events en su primer duatl\u00f3n, ya que pese a las condiciones climatol\u00f3gicas adversas, el resultado fue exquisito: parking para los atletas, boxes c\u00f3modos, seguridad y saber hacer. Sobretodo, un gui\u00f1o especial de originalidad que seguro compart\u00eds conmigo: \u00a1la bolsa del corredor no tra\u00eda camiseta! En su lugar unos manguitos para la bici para todos y una toalla tambi\u00e9n para los 100 primeros.<\/p>\n<p style=\"text-align: justify;\">En el cap\u00edtulo competitivo el atleta del Fasttriatlon <strong>Jordi Garc\u00eda<\/strong> se impuso a <strong>\u00a0Isam Mounir<\/strong> del Team Calella y a <strong>Marc Mar\u00edn<\/strong> del Jovent 79 mientras que en f\u00e9minas <strong>Anna Rovira<\/strong> del Team Calella se impuso a<strong> Cl\u00e0udia Luna<\/strong> del CN Matar\u00f3 y a la duatleta del Picornell <strong>Leonor Font<\/strong>.<\/p>\n<p style=\"text-align: justify;\">La organizaci\u00f3n nos ha transmitido su satisfacci\u00f3n por situar Tei\u00e0 y El Masnou, su localidad, en el calendario triatl\u00e9tico catal\u00e1n dentro de su circuito federado y agradece a todos los participantes, voluntarios y aficionados el apoyo y el cari\u00f1o mostrado alrededor de este primer evento.<\/p>\n<p style=\"text-align: justify;\">L\u00e1stima&#8230; solo faltaron cientos de bicis adornando El Masnou ayer. Pero&#8230;<\/p>\n<p style=\"text-align: justify;\">Todo empieza<\/p>\n<p style=\"text-align: justify;\">\n<p style=\"text-align: justify;\">\n","protected":false},"excerpt":{"rendered":"<p>ZEUS D\u00cdAZ &#8211; Life For Events \u00a0debutaba este fin de semana en la organizaci\u00f3n de una duatl\u00f3n y lo hac\u00eda de forma elegante, El Masnou el lugar, (cuna de mucho tri-amante catal\u00e1n) y el Primer BH Duatl\u00f3n El Masnou \u2013 Tei\u00e0, es el objetivo&#8230; \u00a1Lo ten\u00edamos todo para disfrutar de un buen evento atl\u00e9tico! Las [&hellip;]<\/p>\n","protected":false},"author":2,"featured_media":20204,"comment_status":"open","ping_status":"open","sticky":false,"template":"","format":"standard","meta":{"_acf_changed":false,"rank_math_lock_modified_date":false,"footnotes":""},"categories":[17,1191],"tags":[1666,1668,1667,24],"class_list":{"0":"post-20203","1":"post","2":"type-post","3":"status-publish","4":"format-standard","5":"has-post-thumbnail","7":"category-actualidad","8":"category-triatlon","9":"tag-duatlo-el-masnou","10":"tag-life-for-events","11":"tag-teia","12":"tag-triatlon"},"acf":[],"_links":{"self":[{"href":"https:\/\/miurltemporal.com/main/triatletasenred.sport.es\/wp-json\/wp\/v2\/posts\/20203"}],"collection":[{"href":"https:\/\/miurltemporal.com/main/triatletasenred.sport.es\/wp-json\/wp\/v2\/posts"}],"about":[{"href":"https:\/\/miurltemporal.com/main/triatletasenred.sport.es\/wp-json\/wp\/v2\/types\/post"}],"author":[{"embeddable":true,"href":"https:\/\/miurltemporal.com/main/triatletasenred.sport.es\/wp-json\/wp\/v2\/users\/2"}],"replies":[{"embeddable":true,"href":"https:\/\/miurltemporal.com/main/triatletasenred.sport.es\/wp-json\/wp\/v2\/comments?post=20203"}],"version-history":[{"count":0,"href":"https:\/\/miurltemporal.com/main/triatletasenred.sport.es\/wp-json\/wp\/v2\/posts\/20203\/revisions"}],"wp:featuredmedia":[{"embeddable":true,"href":"https:\/\/miurltemporal.com/main/triatletasenred.sport.es\/wp-json\/wp\/v2\/media\/20204"}],"wp:attachment":[{"href":"https:\/\/miurltemporal.com/main/triatletasenred.sport.es\/wp-json\/wp\/v2\/media?parent=20203"}],"wp:term":[{"taxonomy":"category","embeddable":true,"href":"https:\/\/miurltemporal.com/main/triatletasenred.sport.es\/wp-json\/wp\/v2\/categories?post=20203"},{"taxonomy":"post_tag","embeddable":true,"href":"https:\/\/miurltemporal.com/main/triatletasenred.sport.es\/wp-json\/wp\/v2\/tags?post=20203"}],"curies":[{"name":"wp","href":"https:\/\/api.w.org\/{rel}","templated":true}]}}