{"id":20126,"date":"2014-01-16T12:20:36","date_gmt":"2014-01-16T11:20:36","guid":{"rendered":"http:\/\/triatletasenred.com\/?p=20126"},"modified":"2016-02-26T19:52:27","modified_gmt":"2016-02-26T17:52:27","slug":"cuenta-atras-para-la-iv-edicion-de-la-marato-costa-daurada-tarragona-2017","status":"publish","type":"post","link":"https:\/\/miurltemporal.com/main/triatletasenred.sport.es\/actualidad\/cuenta-atras-para-la-iv-edicion-de-la-marato-costa-daurada-tarragona-2017\/","title":{"rendered":"Cuenta atr\u00e1s para la IV Edici\u00f3n de la Marat\u00f3 Costa Daurada Tarragona 2017"},"content":{"rendered":"<h4>Este domingo Tarragona acoge la cuarta edici\u00f3n de la MARAT\u00d3N COSTA DORADA en la que cerca de 1300 corredores inundar\u00e1n sus calles para completar los 42,125km que dar\u00e1n el honor\u00edfico t\u00edtulo de finisher.<\/h4>\n<p><img decoding=\"async\" class=\"alignleft\" alt=\"\" src=\"https:\/\/encrypted-tbn0.gstatic.com\/images?q=tbn:ANd9GcSGscuQRBW4xxJSJvxMFt9H1kT_btN8val-s_lQCoKviU6UbxHk\" width=\"140\" height=\"140\" \/>Para esta nueva fiesta del deporte, la Ciudad y la <a href=\"http:\/\/www.tarragona.cat\/tarragona-2017\" rel=\"nofollow noopener\" target=\"_blank\">plataforma Tarragona 2017<\/a> han demostrado una vez m\u00e1s su implicaci\u00f3n con la prueba y sus participantes. Prueba de ello es la gran movilizaci\u00f3n de voluntarios y la excelente promoci\u00f3n del evento\u00a0 entre los ciudadanos y su entorno durante todo el a\u00f1o.<\/p>\n<p>Este aspecto y los antecedentes de las tres ediciones anteriores son motivos para que corredores llegados de toda Espa\u00f1a y de diferentes rincones de Europa hayan elegido Tarragona como destino para disfrutar de la prueba reina de las carreras de fondo bajo el paraguas de una Ciudad con un importante atractivo tur\u00edstico que recibe con los brazos abiertos a estos deportistas.<\/p>\n<p>Entre los participantes, repiten presencia los vencedores de la edici\u00f3n 2013 , Hugo Figueras y Anah\u00ed Herrera as\u00ed como los periodistas Xavier Bonastre y Sebas Guim o el que fuera ciclista profesional Joseba Beloki .<\/p>\n<p>Todos ellos junto al resto de inscritos y aficionados podr\u00e1n visitar, desde el s\u00e1bado y por primera vez en Tarragona, de una Feria con m\u00e1s de 20 expositores, restauraci\u00f3n , conferencias y\u00a0 una zona de juegos para los m\u00e1s peque\u00f1os.<\/p>\n<p>Si a\u00fan tienes dudas, te invitamos a ver su video promocional con Jaume Leiva<\/p>\n<p>[youtube id=&#8221;yQeszRT_Glw&#8221; width=&#8221;620&#8243; height=&#8221;360&#8243;]<\/p>\n<a class=\"vc_btn vc_btn-red vc_btn-sm vc_btn_square \" href=\"http:\/\/www.maratocostadauradatarragona2017.com\/\" rel=\"nofollow noopener\" target=\"_blank\">Web oficial<\/a>\n<a class=\"vc_btn vc_btn-red vc_btn-sm vc_btn_square \" href=\"http:\/\/www.tarragona.cat\/tarragona-2017\" rel=\"nofollow noopener\" target=\"_blank\">Tarragona 2017<\/a>\n","protected":false},"excerpt":{"rendered":"<p>Este domingo Tarragona acoge la cuarta edici\u00f3n de la MARAT\u00d3N COSTA DORADA en la que cerca de 1300 corredores inundar\u00e1n sus calles para completar los 42,125km que dar\u00e1n el honor\u00edfico t\u00edtulo de finisher. Para esta nueva fiesta del deporte, la Ciudad y la plataforma Tarragona 2017 han demostrado una vez m\u00e1s su implicaci\u00f3n con la [&hellip;]<\/p>\n","protected":false},"author":2,"featured_media":20128,"comment_status":"open","ping_status":"open","sticky":false,"template":"","format":"standard","meta":{"_acf_changed":false,"rank_math_lock_modified_date":false,"footnotes":""},"categories":[17,1192],"tags":[1527,2976,421,1657],"class_list":{"0":"post-20126","1":"post","2":"type-post","3":"status-publish","4":"format-standard","5":"has-post-thumbnail","7":"category-actualidad","8":"category-running","9":"tag-marato-costa-daurada","10":"tag-maraton-de-tarragona","11":"tag-running-solutions","12":"tag-xavier-bonastre"},"acf":[],"_links":{"self":[{"href":"https:\/\/miurltemporal.com/main/triatletasenred.sport.es\/wp-json\/wp\/v2\/posts\/20126"}],"collection":[{"href":"https:\/\/miurltemporal.com/main/triatletasenred.sport.es\/wp-json\/wp\/v2\/posts"}],"about":[{"href":"https:\/\/miurltemporal.com/main/triatletasenred.sport.es\/wp-json\/wp\/v2\/types\/post"}],"author":[{"embeddable":true,"href":"https:\/\/miurltemporal.com/main/triatletasenred.sport.es\/wp-json\/wp\/v2\/users\/2"}],"replies":[{"embeddable":true,"href":"https:\/\/miurltemporal.com/main/triatletasenred.sport.es\/wp-json\/wp\/v2\/comments?post=20126"}],"version-history":[{"count":0,"href":"https:\/\/miurltemporal.com/main/triatletasenred.sport.es\/wp-json\/wp\/v2\/posts\/20126\/revisions"}],"wp:featuredmedia":[{"embeddable":true,"href":"https:\/\/miurltemporal.com/main/triatletasenred.sport.es\/wp-json\/wp\/v2\/media\/20128"}],"wp:attachment":[{"href":"https:\/\/miurltemporal.com/main/triatletasenred.sport.es\/wp-json\/wp\/v2\/media?parent=20126"}],"wp:term":[{"taxonomy":"category","embeddable":true,"href":"https:\/\/miurltemporal.com/main/triatletasenred.sport.es\/wp-json\/wp\/v2\/categories?post=20126"},{"taxonomy":"post_tag","embeddable":true,"href":"https:\/\/miurltemporal.com/main/triatletasenred.sport.es\/wp-json\/wp\/v2\/tags?post=20126"}],"curies":[{"name":"wp","href":"https:\/\/api.w.org\/{rel}","templated":true}]}}