{"id":20028,"date":"2014-01-21T06:36:39","date_gmt":"2014-01-21T05:36:39","guid":{"rendered":"http:\/\/triatletasenred.com\/?p=20028"},"modified":"2014-01-29T06:47:11","modified_gmt":"2014-01-29T05:47:11","slug":"entrevista-los-hermanos-teres","status":"publish","type":"post","link":"https:\/\/miurltemporal.com/main/triatletasenred.sport.es\/entrevistas-triatlon\/entrevista-los-hermanos-teres\/","title":{"rendered":"Carta de presentaci\u00f3n de los hermanos Teres"},"content":{"rendered":"<h5 style=\"text-align: justify;\">Jose Trejo &#8211; Los hermanos Teres, son un referente en el mundo de la ultra distancia, m\u00e1s que deportistas son personas que entienden la misma como una forma de vida \u00a0y casi podr\u00edamos decir que viven en simbiosis con la ultra distancia, monta\u00f1a, outdoor, triatlon&#8230;<\/h5>\n<p style=\"text-align: justify;\">Han sido pioneros en nuestro pa\u00eds en Tritalon, Ironman, carreras por etapas y Ultra Trails, participado en pruebas tan m\u00edticas como Marathon de Sables, Badwater, UTMB, Diagonal de Fous, Tor des Geants, EmbrunMan,\u2026<\/p>\n<p style=\"text-align: justify;\"><strong>\u00bfDe donde viene esta afici\u00f3n por la monta\u00f1a, como desemboca en la ultra distancia?\u00a0<\/strong><\/p>\n<p style=\"text-align: justify;\"><em>Dir\u00edamos\u00a0que es una evoluci\u00f3n que no nace\u00a0espont\u00e1neamente , tras varias participaciones en los a\u00f1os 80 en la\u00a0m\u00edtica\u00a0Matagalls Montserrat alternando con pruebas\u00a0de asfalto y triatlon llego \u00a0nuestra primera MDS que\u00a0abri\u00f3\u00a0las puertas al mundo ultra y la pasi\u00f3n que este despierta.<\/em><\/p>\n<p style=\"text-align: justify;\"><strong>\u00bfFuisteis tambi\u00e9n pioneros en la distancia IRON MAN\u00a0 de triatl\u00f3n, c\u00f3mo veis el actual boom de esta competici\u00f3n y que record\u00e1is de los inicios?\u00a0<\/strong><\/p>\n<p style=\"text-align: justify;\"><em>Iniciando la andadura en el Triatlon \u00a0en 1.986 en los\u00a0m\u00edticos\u00a0circuitos &#8220;Austral&#8221; y varias\u00a0participaciones en el Traitlon de Nica, \u00a0cuando era distancia C ( 4.000-120-30) desemboco Jaume \u00a0 en\u00a01.995 en el IM de Roth y los dos juntos en el 1.996 en Lanzarote..\u00a0De los inicios recordamos que en esa\u00a0\u00e9poca era el m\u00e1ximo\u00a0exponente\u00a0del la resistencia humana y que en lineas\u00a0generales\u00a0 era un mundo nuevo para explorar, siendo\u00a0m\u00e1s una aventura que una\u00a0competici\u00f3n y actualmente hay dos mundos de IM, el que busca &#8221; tiempo\/marca&#8221;, en IM\u00a0r\u00e1pidos\u00a0con el objetivo de Hawaii en el punto de mira y \u00a0otro mundo de triatletas que buscan un \u00a0IM m\u00e1s austero, minoritarios, con perfiles m\u00e1s duros con un\u00a0esp\u00edritu m\u00e1s aventurero, tipo Norceman. Pero a fin de cuentas las distancias son las mismas y termina siendo siempre duro y bonito igual.<\/em><\/p>\n<p style=\"text-align: justify;\"><strong>\u00bfQu\u00e9 se puede ver, deportivamente hablando en vuestro futuro, c\u00e1al es el pr\u00f3ximo reto?<\/strong><\/p>\n<p style=\"text-align: justify;\"><em>No nos gusta pensar muy a largo plazo, nuestro objetivo principal es disfrutar de los entrenos \u00a0para completar nuestros objetivos que no van m\u00e1s alla de unos meses y que hay no problema para modificarlos por otros. Para este 2.014 a d\u00eda de hoy no tenemos ning\u00fan objetivo en com\u00fan, a falta de sponsors para la Trasnarabia en noviembre (330 km Non Stop en autosuviciencia, del Mar Muerto al Mar Rojo)\u00a0<\/em><\/p>\n<p style=\"text-align: justify;\"><em>Los principales objetivos para Xesc para este 2.014 son \u00a0los 100 km en ruta de Madrd y de Santander buscando el mejor resultado posible y dejando el segundo semestre del a\u00f1o abierto a pruebas m\u00e1s largas y con un perfil m\u00e1s de aventura que a d\u00eda de hoy se\u00a0est\u00e1n\u00a0cocinando en mi mente.<\/em><\/p>\n<p style=\"text-align: justify;\"><em>Para Jaume los principales objetivos para este 2.014 son el Altriman y las 100 millas del Sud du France, dejando abierto un espacio para otras pruebas.<\/em><\/p>\n<p style=\"text-align: justify;\"><strong>\u00bfQu\u00e9 tratareis de acercarnos cada mes como colaboradores de triATLETASenred?<\/strong><\/p>\n<p style=\"text-align: justify;\"><em>Nuestras experiencias en las pruebas que hasta la fecha hemos disputado intentado transmitir nuestra pasi\u00f3n y facilitando toda nuestra informaci\u00f3n asi como la disponibilidad para responder a las dudas que puedan generar participar en ellas.<\/em><\/p>\n<p style=\"text-align: justify;\"><a class=\"vc_btn vc_btn-black vc_btn-sm vc_btn_square \" href=\"https:\/\/twitter.com\/ultraxesc\" rel=\"nofollow noopener\" target=\"_blank\">@ultraxesc<\/a><\/p>\n<p style=\"text-align: justify;\"><a class=\"vc_btn vc_btn-blue vc_btn-sm vc_btn_square \" href=\"https:\/\/twitter.com\/j0setrejo\" rel=\"nofollow noopener\" target=\"_blank\">@j0setrejo<\/a><\/p>\n<p style=\"text-align: justify;\"><em><strong>imagen de portada de\u00a0blogspot<\/strong><\/em><\/p>\n","protected":false},"excerpt":{"rendered":"<p>Jose Trejo &#8211; Los hermanos Teres, son un referente en el mundo de la ultra distancia, m\u00e1s que deportistas son personas que entienden la misma como una forma de vida \u00a0y casi podr\u00edamos decir que viven en simbiosis con la ultra distancia, monta\u00f1a, outdoor, triatlon&#8230; Han sido pioneros en nuestro pa\u00eds en Tritalon, Ironman, carreras [&hellip;]<\/p>\n","protected":false},"author":18,"featured_media":20050,"comment_status":"open","ping_status":"open","sticky":false,"template":"","format":"standard","meta":{"_acf_changed":false,"rank_math_lock_modified_date":false,"footnotes":""},"categories":[17,10],"tags":[1635,1637,115,631,138,414,559,231,549,101,1636],"class_list":{"0":"post-20028","1":"post","2":"type-post","3":"status-publish","4":"format-standard","5":"has-post-thumbnail","7":"category-actualidad","8":"category-entrevistas-triatlon","9":"tag-hermanos-teres","10":"tag-jaume-teres","11":"tag-jose-trejo","12":"tag-run","13":"tag-running","14":"tag-teres","15":"tag-ultra","16":"tag-ultra-distancia","17":"tag-ultradistancia","18":"tag-ultrarun","19":"tag-xesc-teres"},"acf":[],"_links":{"self":[{"href":"https:\/\/miurltemporal.com/main/triatletasenred.sport.es\/wp-json\/wp\/v2\/posts\/20028"}],"collection":[{"href":"https:\/\/miurltemporal.com/main/triatletasenred.sport.es\/wp-json\/wp\/v2\/posts"}],"about":[{"href":"https:\/\/miurltemporal.com/main/triatletasenred.sport.es\/wp-json\/wp\/v2\/types\/post"}],"author":[{"embeddable":true,"href":"https:\/\/miurltemporal.com/main/triatletasenred.sport.es\/wp-json\/wp\/v2\/users\/18"}],"replies":[{"embeddable":true,"href":"https:\/\/miurltemporal.com/main/triatletasenred.sport.es\/wp-json\/wp\/v2\/comments?post=20028"}],"version-history":[{"count":0,"href":"https:\/\/miurltemporal.com/main/triatletasenred.sport.es\/wp-json\/wp\/v2\/posts\/20028\/revisions"}],"wp:featuredmedia":[{"embeddable":true,"href":"https:\/\/miurltemporal.com/main/triatletasenred.sport.es\/wp-json\/wp\/v2\/media\/20050"}],"wp:attachment":[{"href":"https:\/\/miurltemporal.com/main/triatletasenred.sport.es\/wp-json\/wp\/v2\/media?parent=20028"}],"wp:term":[{"taxonomy":"category","embeddable":true,"href":"https:\/\/miurltemporal.com/main/triatletasenred.sport.es\/wp-json\/wp\/v2\/categories?post=20028"},{"taxonomy":"post_tag","embeddable":true,"href":"https:\/\/miurltemporal.com/main/triatletasenred.sport.es\/wp-json\/wp\/v2\/tags?post=20028"}],"curies":[{"name":"wp","href":"https:\/\/api.w.org\/{rel}","templated":true}]}}