{"id":1911,"date":"2012-08-14T07:43:11","date_gmt":"2012-08-14T07:43:11","guid":{"rendered":"http:\/\/triatletasenred.com\/?p=1911"},"modified":"2016-05-05T14:39:07","modified_gmt":"2016-05-05T12:39:07","slug":"amatrian-vs-blanchart-cara-a-cara-de-dos-campeones-en-el-challenge-barcelona","status":"publish","type":"post","link":"https:\/\/miurltemporal.com/main/triatletasenred.sport.es\/actualidad\/amatrian-vs-blanchart-cara-a-cara-de-dos-campeones-en-el-challenge-barcelona\/","title":{"rendered":"Amatrian Vs Blanchart : Cara a cara de dos campeones en el Challenge Barcelona"},"content":{"rendered":"<h2 style=\"text-align: justify;\"><strong>El pr\u00f3ximo 30 de Septiembre Challenge Barcelona se convertir\u00e1 en el epicentro de la larga distancia a nivel nacional acogiendo el Campeonato de Espa\u00f1a de esta modalidad.<\/strong><\/h2>\n<p style=\"text-align: justify;\"><strong><\/strong>Con un cupo m\u00e1ximo de 1500 participantes, y los dorsales a punto de agotarse, Challenge Barcelona ya ha atra\u00eddo a los mejores triatletas\u00a0 que luchar\u00e1n por hacerse con este deseado t\u00edtulo.<\/p>\n<p style=\"text-align: justify;\">Entre los nombres m\u00e1s relevantes podremos contar con la presencia de Raul Amatriain, Campe\u00f3n de Espa\u00f1a de Larga Distancia 2011, y con Miquel Blanchart, Campe\u00f3n de Espa\u00f1a de Media Distancia y de\u00a0 Europa en LD, 2011.<\/p>\n<p style=\"text-align: justify;\">Miquel y Ra\u00fal son personas de \u201ccarne y hueso\u201d, gente sencilla, humilde y luchadora, con objetivos muy claros a los que les une la pasi\u00f3n por este gran deporte, el Triatl\u00f3n.<\/p>\n<p style=\"text-align: justify;\">Con motivo de su participaci\u00f3n el pr\u00f3ximo 30 de Septiembre en Challenge Barcelona desde la organizaci\u00f3n hemos querido acercarnos un poco m\u00e1s a ellos, haci\u00e9ndoles una breve y entretenida entrevista con el objetivo de conocer de cerca sus pensamientos, man\u00edas, costumbres e inquietudes\u2026antes y durante la competici\u00f3n, \u00a1disfrutarlo!<strong><\/strong><\/p>\n<p style=\"text-align: justify;\"><strong>\u00a0<\/strong><\/p>\n<p style=\"text-align: justify;\"><strong><span style=\"text-decoration: underline;\">Una man\u00eda\/costumbre \u00a0antes de empezar la \u00a0competici\u00f3n<\/span><\/strong><\/p>\n<p style=\"text-align: justify;\"><strong>AMATRIAIN:<\/strong>\u00a0Generalmente me suelo colocar los colgantes del cuello, limpio el cristal de las gafas y charlar con el resto,\u00a0pero no tengo ninguna man\u00eda especial. Soy un tipo muy tranquilo y lo \u00fanico que trato es de convencerme que el trabajo est\u00e1 hecho y que s\u00f3lo queda disfrutar durante la prueba.<\/p>\n<p style=\"text-align: justify;\"><strong>BLANCHART:<\/strong>\u00a0No tengo man\u00edas, pero costumbres si, calentar y sobre todo justo antes de empezar hablarme a mi mismo y decirme&#8230; Venga has entrenado\u2026 \u00a1esto es el premio!<\/p>\n<p style=\"text-align: justify;\"><span style=\"text-decoration: underline;\">\u00a0<\/span><\/p>\n<p style=\"text-align: justify;\"><strong><span style=\"text-decoration: underline;\">\u00bfQu\u00e9 desayunas antes de una prueba de larga distancia?<\/span><\/strong><\/p>\n<p style=\"text-align: justify;\"><strong>AMATRIAIN:<\/strong>\u00a0Depende de las circunstancias, si estoy en alg\u00fan hotel me adapto un poco a lo que haya, aunque \u00faltimamente compro cereales, yogurt\u00a0y tostadas, por\u00a0alguna mala experiencia\u00a0y un caf\u00e9, que es lo que suelo comer en casa. Y si hay bollos no pueden faltar. No tengo una alimentaci\u00f3n estricta ni nada por el estilo.<\/p>\n<p style=\"text-align: justify;\"><strong>BLANCHART:<\/strong>\u00a0Leche entera con Nesquik y cereales Cornflakes.<\/p>\n<p style=\"text-align: justify;\"><span style=\"text-decoration: underline;\">\u00a0<\/span><\/p>\n<p style=\"text-align: justify;\"><strong><span style=\"text-decoration: underline;\">Cuando est\u00e1s en la salida \u00bfSit\u00faas a los favoritos?<\/span><\/strong><\/p>\n<p style=\"text-align: justify;\"><strong>AMATRIAIN:\u00a0<\/strong>Creo que es m\u00e1s importante preocuparse de uno mismo que de los dem\u00e1s. Me centro en m\u00ed,\u00a0mi obsesi\u00f3n es\u00a0disfrutar y sobre todo dar todo lo que lleve dentro. Esa es la \u00fanica meta y el objetivo en cada prueba, sentirme orgulloso de haberlo dado todo. Esto conllevar\u00e1 un puesto, pero no es lo que busco en la salida. Eso no quiere decir que no salga a ganar ni nada por el estilo.<\/p>\n<p style=\"text-align: justify;\"><strong>BLANCHART:<\/strong>\u00a0Si \u00a1siempre!<\/p>\n<p style=\"text-align: justify;\"><strong><span style=\"text-decoration: underline;\">En un momento duro en la competici\u00f3n \u00bfQu\u00e9 te da fuerza para seguir?<\/span><\/strong><\/p>\n<p style=\"text-align: justify;\"><strong>\u00a0AMATRIAIN:\u00a0<\/strong>Lo que intento con todo esto es conocer mis l\u00edmites, superarme&#8230; as\u00ed que en realidad es lo que busco, llegar a ese momento d\u00f3nde vas muerto, pero el \u00fanico pensamiento debe ser que siempre se puede m\u00e1s y hay que intentarlo. Cuando estoy muy tocado pienso que realmente hago Triatl\u00f3n por buscar esa sensaci\u00f3n, as\u00ed que hay que seguir explorando un poco m\u00e1s e intentar subir el ritmo&#8230;<\/p>\n<p style=\"text-align: justify;\"><strong>BLANCHART:<\/strong>\u00a0Pensar en todo lo que he hecho para llegar all\u00ed, y pensar en mi novia que siempre est\u00e1 a mi lado.<\/p>\n<p style=\"text-align: justify;\"><strong><span style=\"text-decoration: underline;\">\u00bfQu\u00e9 es lo primero que haces al finalizar una competici\u00f3n?<\/span><\/strong><\/p>\n<p style=\"text-align: justify;\">\u00a0<strong>AMATRIAIN:<\/strong>\u00a0Buscar a mi gente. Siempre que pueden van a verme mis padres, Gorka mi entrenador, mi hermano I\u00f1igo, mi novia Jaione&#8230; para mi son fundamentales y no ser\u00eda lo mismo sin ellos. No entender\u00eda esto sin su compa\u00f1\u00eda.\u00a0No solo es competir es\u00a0algo m\u00e1s que engloba el viaje en s\u00ed, no solo la carrera. Al final de todo esto me va a quedar el recuerdo de los buenos ratos que hemos pasado por ah\u00ed, m\u00e1s que medallas, trofeos&#8230;<\/p>\n<p style=\"text-align: justify;\"><strong>BLANCHART:<\/strong>\u00a0Abrazar a alguien y si es mi novia o alg\u00fan familiar o amigo, mejor.<\/p>\n<p style=\"text-align: justify;\"><strong><span style=\"text-decoration: underline;\">Una promesa si ganas<\/span><\/strong><\/p>\n<p style=\"text-align: justify;\"><strong>AMATRIAIN:<\/strong>\u00a0Si eso sucediese te dir\u00eda cualquier locura, pero soy un tipo de palabra y no me gustar\u00eda prometer algo que luego no pudiera cumplir. As\u00ed que mejor primero lo consulto con \u201cla jefa\u201d y luego ya veremos&#8230;\u00a0J. De todas formas es mi primera experiencia en un Ironman y le tengo demasiado respeto como para pensar en ganar.<\/p>\n<p style=\"text-align: justify;\"><strong>BLANCHART:<\/strong>\u00a0Hay algo que me encantar\u00eda hacer si logro ganar esta prueba, pero hay que esperar a este d\u00eda para saberlo ;). Por supuesto, hay una promesa que siempre tengo en mente \u00a1Seguir trabajando duro para continuar disfrutando del Triatl\u00f3n!<\/p>\n<p style=\"text-align: justify;\">Este a\u00f1o, Challenge Barcelona, ser\u00e1 la antesala al Campeonato de Europa de Media Distancia que se celebrar\u00e1 el pr\u00f3ximo 2013, una oportunidad \u00fanica para participar codo con codo con los mejores triatletas del momento al mismo tiempo que poder disfrutar de los espl\u00e9ndidos paisajes durante el recorrido ciclista que ofrece la costa del Maresme.<\/p>\n<p><img fetchpriority=\"high\" decoding=\"async\" class=\"aligncenter\" src=\"http:\/\/www.bhtriathlon.com\/wp-content\/uploads\/2012\/02\/challenge1.jpg\" alt=\"\" width=\"455\" height=\"245\" \/><\/p>\n","protected":false},"excerpt":{"rendered":"<p>El pr\u00f3ximo 30 de Septiembre Challenge Barcelona se convertir\u00e1 en el epicentro de la larga distancia a nivel nacional acogiendo el Campeonato de Espa\u00f1a de esta modalidad. Con un cupo m\u00e1ximo de 1500 participantes, y los dorsales a punto de agotarse, Challenge Barcelona ya ha atra\u00eddo a los mejores triatletas\u00a0 que luchar\u00e1n por hacerse con [&hellip;]<\/p>\n","protected":false},"author":2,"featured_media":0,"comment_status":"open","ping_status":"open","sticky":false,"template":"","format":"standard","meta":{"_acf_changed":false,"rank_math_lock_modified_date":false,"footnotes":""},"categories":[17,19],"tags":[369,191,59],"class_list":{"0":"post-1911","1":"post","2":"type-post","3":"status-publish","4":"format-standard","6":"category-actualidad","7":"category-competiciones","8":"tag-challenge-barcelona-maresme","9":"tag-miquel-blanchart","10":"tag-triatlon-larga-distancia"},"acf":[],"_links":{"self":[{"href":"https:\/\/miurltemporal.com/main/triatletasenred.sport.es\/wp-json\/wp\/v2\/posts\/1911"}],"collection":[{"href":"https:\/\/miurltemporal.com/main/triatletasenred.sport.es\/wp-json\/wp\/v2\/posts"}],"about":[{"href":"https:\/\/miurltemporal.com/main/triatletasenred.sport.es\/wp-json\/wp\/v2\/types\/post"}],"author":[{"embeddable":true,"href":"https:\/\/miurltemporal.com/main/triatletasenred.sport.es\/wp-json\/wp\/v2\/users\/2"}],"replies":[{"embeddable":true,"href":"https:\/\/miurltemporal.com/main/triatletasenred.sport.es\/wp-json\/wp\/v2\/comments?post=1911"}],"version-history":[{"count":0,"href":"https:\/\/miurltemporal.com/main/triatletasenred.sport.es\/wp-json\/wp\/v2\/posts\/1911\/revisions"}],"wp:attachment":[{"href":"https:\/\/miurltemporal.com/main/triatletasenred.sport.es\/wp-json\/wp\/v2\/media?parent=1911"}],"wp:term":[{"taxonomy":"category","embeddable":true,"href":"https:\/\/miurltemporal.com/main/triatletasenred.sport.es\/wp-json\/wp\/v2\/categories?post=1911"},{"taxonomy":"post_tag","embeddable":true,"href":"https:\/\/miurltemporal.com/main/triatletasenred.sport.es\/wp-json\/wp\/v2\/tags?post=1911"}],"curies":[{"name":"wp","href":"https:\/\/api.w.org\/{rel}","templated":true}]}}