{"id":18868,"date":"2013-11-29T11:14:36","date_gmt":"2013-11-29T10:14:36","guid":{"rendered":"http:\/\/triatletasenred.com\/?p=18868"},"modified":"2013-11-29T11:14:58","modified_gmt":"2013-11-29T10:14:58","slug":"toro-loco-valencia-triatlon-regresa-el-6-y-7-de-septiembre","status":"publish","type":"post","link":"https:\/\/miurltemporal.com/main/triatletasenred.sport.es\/en-red\/toro-loco-valencia-triatlon-regresa-el-6-y-7-de-septiembre\/","title":{"rendered":"Toro Loco Valencia Triatl\u00f3n regresa en 2014 el 6 y 7 de septiembre"},"content":{"rendered":"<h4 style=\"text-align: justify;\" align=\"center\">El \u00e9xito de las anteriores ediciones de la propuesta de\u00a0<b>Toro Loco Valencia Triatl\u00f3n\u00a0<\/b>hac\u00eda que muchos de nosotros estuvieramos pendientes \u00a0de la fecha definitiva para la propuesta de 2014 que finalmente ser\u00e1 el fin de semana del 6 y 7 de septiembre.<\/h4>\n<p style=\"text-align: justify;\" align=\"center\"><a href=\"https:\/\/miurltemporal.com/main/triatletasenred.sport.es\/wp-content\/uploads\/Captura-de-pantalla-2013-11-29-a-las-11.05.53.png\"><img fetchpriority=\"high\" decoding=\"async\" class=\"alignleft size-medium wp-image-18870\" alt=\"Captura de pantalla 2013-11-29 a la(s) 11.05.53\" src=\"https:\/\/miurltemporal.com/main/triatletasenred.sport.es\/wp-content\/uploads\/Captura-de-pantalla-2013-11-29-a-las-11.05.53-210x300.png\" width=\"210\" height=\"300\" srcset=\"https:\/\/miurltemporal.com/main/triatletasenred.sport.es\/wp-content\/uploads\/Captura-de-pantalla-2013-11-29-a-las-11.05.53-210x300.png 210w, https:\/\/miurltemporal.com/main/triatletasenred.sport.es\/wp-content\/uploads\/Captura-de-pantalla-2013-11-29-a-las-11.05.53.png 457w\" sizes=\"(max-width: 210px) 100vw, 210px\" \/><\/a>El cambio obedece a los intereses de asegurar y mejorar \u00a0el formato de circuito de anteriores con lo que se ha debido modificar la fecha prevista para adaptarla a los ajustes de calendario de la Marina Real y de una ciudad tan viva como es Valencia.<\/p>\n<p style=\"text-align: justify;\" align=\"center\">De este modo la prueba tampoco coincidir\u00e1 con el Campeonato de Espa\u00f1a de Distancia ol\u00edmpica que la FETRI celebrar\u00e1 en \u00c1guilas (Murcia) el siguiente fin de semana<\/p>\n<p style=\"text-align: justify;\" align=\"center\">Estaremos atentos desde triatletasenred.com a la evoluci\u00f3n y las novedades de\u00a0Toro Loco Valencia Triatl\u00f3n 2014. Especial atenci\u00f3n ala propuesta &#8220;TU RETO&#8221;\u00a0anima a los deportistas de todas las edades y condiciones a superarse a ellos mismos en un triatl\u00f3n que est\u00e1 al alcance de todos.<\/p>\n<p style=\"text-align: justify;\"><a  class=\"vc_btn vc_btn-blue vc_btn-sm vc_btn_square \" href=\"#\">WEB OFICIAL<\/a><\/p>\n","protected":false},"excerpt":{"rendered":"<p>El \u00e9xito de las anteriores ediciones de la propuesta de\u00a0Toro Loco Valencia Triatl\u00f3n\u00a0hac\u00eda que muchos de nosotros estuvieramos pendientes \u00a0de la fecha definitiva para la propuesta de 2014 que finalmente ser\u00e1 el fin de semana del 6 y 7 de septiembre. El cambio obedece a los intereses de asegurar y mejorar \u00a0el formato de circuito [&hellip;]<\/p>\n","protected":false},"author":2,"featured_media":18869,"comment_status":"open","ping_status":"open","sticky":false,"template":"","format":"standard","meta":{"_acf_changed":false,"rank_math_lock_modified_date":false,"footnotes":""},"categories":[16],"tags":[822,980,24,59],"class_list":{"0":"post-18868","1":"post","2":"type-post","3":"status-publish","4":"format-standard","5":"has-post-thumbnail","7":"category-en-red","8":"tag-olimpico","9":"tag-sprint","10":"tag-triatlon","11":"tag-triatlon-larga-distancia"},"acf":[],"_links":{"self":[{"href":"https:\/\/miurltemporal.com/main/triatletasenred.sport.es\/wp-json\/wp\/v2\/posts\/18868"}],"collection":[{"href":"https:\/\/miurltemporal.com/main/triatletasenred.sport.es\/wp-json\/wp\/v2\/posts"}],"about":[{"href":"https:\/\/miurltemporal.com/main/triatletasenred.sport.es\/wp-json\/wp\/v2\/types\/post"}],"author":[{"embeddable":true,"href":"https:\/\/miurltemporal.com/main/triatletasenred.sport.es\/wp-json\/wp\/v2\/users\/2"}],"replies":[{"embeddable":true,"href":"https:\/\/miurltemporal.com/main/triatletasenred.sport.es\/wp-json\/wp\/v2\/comments?post=18868"}],"version-history":[{"count":0,"href":"https:\/\/miurltemporal.com/main/triatletasenred.sport.es\/wp-json\/wp\/v2\/posts\/18868\/revisions"}],"wp:featuredmedia":[{"embeddable":true,"href":"https:\/\/miurltemporal.com/main/triatletasenred.sport.es\/wp-json\/wp\/v2\/media\/18869"}],"wp:attachment":[{"href":"https:\/\/miurltemporal.com/main/triatletasenred.sport.es\/wp-json\/wp\/v2\/media?parent=18868"}],"wp:term":[{"taxonomy":"category","embeddable":true,"href":"https:\/\/miurltemporal.com/main/triatletasenred.sport.es\/wp-json\/wp\/v2\/categories?post=18868"},{"taxonomy":"post_tag","embeddable":true,"href":"https:\/\/miurltemporal.com/main/triatletasenred.sport.es\/wp-json\/wp\/v2\/tags?post=18868"}],"curies":[{"name":"wp","href":"https:\/\/api.w.org\/{rel}","templated":true}]}}