{"id":18830,"date":"2013-11-29T07:24:34","date_gmt":"2013-11-29T06:24:34","guid":{"rendered":"http:\/\/triatletasenred.com\/?p=18830"},"modified":"2013-12-09T08:21:50","modified_gmt":"2013-12-09T07:21:50","slug":"monumento","status":"publish","type":"post","link":"https:\/\/miurltemporal.com/main/triatletasenred.sport.es\/actualidad\/monumento\/","title":{"rendered":"La conmovedora historia del Monumento en Memoria de los Ciclistas Fallecidos en Carretera"},"content":{"rendered":"<div dir=\"ltr\">\n<h5 style=\"text-align: justify;\" align=\"JUSTIFY\">Ricardo Sanchez (SEVILLA) &#8211; El pasado 24 de noviembre tuvo lugar en Santiponce (Sevilla), tras dos a\u00f1os de intenso trabajo, la inauguraci\u00f3n del Monumento en Homenaje a los Ciclistas Fallecidos en Accidentes de Tr\u00e1fico. Os contamos la conmovedora historia que hay detr\u00e1s de este emotivo acto.<\/h5>\n<p style=\"text-align: justify;\" align=\"JUSTIFY\">Fue un acto presidido por Antonio Rodr\u00edguez, promotor de la iniciativa, acompa\u00f1ado de distintas autoridades entre las que se encontraban el alcalde de Santiponce, miembros de la federaci\u00f3n de ciclismo, los presidentes de los respectivos clubes colaboradores y decenas de ciclistas. Fue un acto solemne y sobrio en el que Antonio, tras leer un breve discurso dio paso a un minuto de silencio, que clausur\u00f3 el acto.<\/p>\n<\/div>\n<div dir=\"ltr\">\n<p style=\"text-align: justify;\" align=\"JUSTIFY\">Muchos se preguntan \u00bfDe d\u00f3nde surge esta idea? El 11 de noviembre de 2010 fallece Sergio S\u00e1nchez, una persona muy apreciada por la comunidad ciclista sevillana, tras ser atropellado mientras circulaba en bicicleta. Antonio Rodr\u00edguez, \u00edntimo amigo de Sergio y miembro del Club Ciclista Currito de Santiponce, decide rendirle un homenaje que sirva adem\u00e1s para concienciar a la poblaci\u00f3n acerca de la precaria situaci\u00f3n que los ciclistas de carretera viven d\u00eda a d\u00eda. Los clubes C.C. El Pedal, C.C. Giralda, C.C. Espartinas y C.C. Caracol, cuyos miembros conoc\u00edan muy bien a Sergio quieren formar parte del homenaje y entre todos organizan una marcha ciclista, asumiendo los costes de la misma. Adem\u00e1s, Airbus (empresa en la que trabajaba Sergio) se entera de la existencia de la marcha y la apoya econ\u00f3micamente. De esta forma sobra un poco de dinero, lo que provoca la formaci\u00f3n de una comisi\u00f3n compuesta por los clubes anteriormente mencionados, y \u00e9sta decide invertir ese sobrante en algo que permita perpetuar el mensaje transmitido con la marcha, apareciendo en escena la construcci\u00f3n de un monumento.<\/p>\n<p style=\"text-align: justify;\" align=\"JUSTIFY\">Inmediatamente surgen dos cuestiones: la ubicaci\u00f3n y el coste del mismo. Para la ubicaci\u00f3n inicialmente se debaten entre dos puntos distribuidos a lo largo de la carretera N-630, ya que es una de las rutas m\u00e1s concurridas por los ciclistas en Sevilla. Tras muchas deliberaciones ambas propuestas se rechazan (una por exceso de espacio y la otra porque causaba problemas de seguridad) y se escoge Santiponce como lugar para instalar el monumento, pues segu\u00eda estando en la ruta se\u00f1alada y el ayuntamiento de la localidad estaba entusiasmado con el proyecto, mostrando su buena disposici\u00f3n al cederles el espacio necesario y al asumir su mantenimiento tras la construcci\u00f3n.<\/p>\n<p style=\"text-align: justify;\" align=\"JUSTIFY\">En cuanto a los costes, \u00e9stos siguen estando fuera del alcance de la comisi\u00f3n, aunque encuentran el apoyo del C.D. Hispabikers, el Club Triatl\u00f3n Camale\u00f3n, el C.C. Los Guzmanes y la empresa Acci\u00f3n y Evento y entre todos consiguen hacerlo realidad.<\/p>\n<p style=\"text-align: justify;\" align=\"JUSTIFY\">A pesar de que el 24 de diciembre de 2013 fue la fecha escogida para su oficial inauguraci\u00f3n, fue el 29 de agosto cuando se termin\u00f3 de levantar el mismo, para aprovechar que al d\u00eda siguiente transcurr\u00eda por all\u00ed la s\u00e9ptima etapa de la Vuelta Ciclista a Espa\u00f1a.<\/p>\n<p style=\"text-align: justify;\" align=\"JUSTIFY\">Desde Triatletas en Red, apoyamos firmemente este tipo de iniciativas que tratan de mejorar la seguridad de un sector tan desprotegido como lo es el de los ciclistas.<\/p>\n<p style=\"text-align: justify;\" align=\"JUSTIFY\"><strong>Enlaces de inter\u00e9s:<\/strong><\/p>\n<div dir=\"ltr\">\n<p align=\"JUSTIFY\"><a href=\"http:\/\/www.curritodesantiponce.com\/index.php?option=com_oziogallery3&amp;view=02flashgallery&amp;Itemid=201)\" target=\"_blank\" rel=\"nofollow noopener\">Galer\u00eda fotogr\u00e1fica sobre la instalaci\u00f3n del monumento\u00a0<\/a><\/p>\n<\/div>\n<div dir=\"ltr\">\n<p align=\"JUSTIFY\"><a href=\"http:\/\/www.curritodesantiponce.com\/index.phpoption=com_content&amp;view=article&amp;layout=edit&amp;id=235\" target=\"_blank\" rel=\"nofollow noopener\">Entrada con informaci\u00f3n sobre la evoluci\u00f3n del proyecto<\/a><\/p>\n<p align=\"JUSTIFY\"><a href=\"http:\/\/www.elmundo.es\/elmundo\/2011\/01\/23\/andalucia_sevilla\/1295783584.html\" target=\"_blank\" rel=\"nofollow noopener\">Noticia de El Mundo sobre la marcha de 2011<\/a><\/p>\n<\/div>\n<p style=\"text-align: justify;\" align=\"JUSTIFY\">V\u00eddeo de la Vuelta Ciclista a Espa\u00f1a al paso por el monumento<\/p>\n<p style=\"text-align: justify;\" align=\"JUSTIFY\">[youtube id=&#8221;hLHJVk9DNrI&#8221; width=&#8221;620&#8243; height=&#8221;360&#8243;]<\/p>\n<\/div>\n<div dir=\"ltr\">\n<p><a class=\"vc_btn vc_btn-black vc_btn-sm vc_btn_square \" href=\"https:\/\/twitter.com\/didecamp\" rel=\"nofollow noopener\" target=\"_blank\">@didecamp<\/a><br \/>\n<a class=\"vc_btn vc_btn-black vc_btn-sm vc_btn_square \" target=\"\u201c\u201d\" href=\"http:\/\/diariodeuncampista.com\/\" rel=\"nofollow noopener\">Web Oficial<\/a><\/p>\n<\/div>\n","protected":false},"excerpt":{"rendered":"<p>Ricardo Sanchez (SEVILLA) &#8211; El pasado 24 de noviembre tuvo lugar en Santiponce (Sevilla), tras dos a\u00f1os de intenso trabajo, la inauguraci\u00f3n del Monumento en Homenaje a los Ciclistas Fallecidos en Accidentes de Tr\u00e1fico. Os contamos la conmovedora historia que hay detr\u00e1s de este emotivo acto. Fue un acto presidido por Antonio Rodr\u00edguez, promotor de [&hellip;]<\/p>\n","protected":false},"author":22,"featured_media":18638,"comment_status":"open","ping_status":"open","sticky":false,"template":"","format":"standard","meta":{"_acf_changed":false,"rank_math_lock_modified_date":false,"footnotes":""},"categories":[17],"tags":[1453,455,111,1431,1418,1451],"class_list":{"0":"post-18830","1":"post","2":"type-post","3":"status-publish","4":"format-standard","5":"has-post-thumbnail","7":"category-actualidad","8":"tag-1m50","9":"tag-respetoalciclista","10":"tag-ciclismo","11":"tag-ciclista","12":"tag-monumento-en-memoria-de-los-ciclistas-fallecidos","13":"tag-ricardo-sanchez"},"acf":[],"_links":{"self":[{"href":"https:\/\/miurltemporal.com/main/triatletasenred.sport.es\/wp-json\/wp\/v2\/posts\/18830"}],"collection":[{"href":"https:\/\/miurltemporal.com/main/triatletasenred.sport.es\/wp-json\/wp\/v2\/posts"}],"about":[{"href":"https:\/\/miurltemporal.com/main/triatletasenred.sport.es\/wp-json\/wp\/v2\/types\/post"}],"author":[{"embeddable":true,"href":"https:\/\/miurltemporal.com/main/triatletasenred.sport.es\/wp-json\/wp\/v2\/users\/22"}],"replies":[{"embeddable":true,"href":"https:\/\/miurltemporal.com/main/triatletasenred.sport.es\/wp-json\/wp\/v2\/comments?post=18830"}],"version-history":[{"count":0,"href":"https:\/\/miurltemporal.com/main/triatletasenred.sport.es\/wp-json\/wp\/v2\/posts\/18830\/revisions"}],"wp:featuredmedia":[{"embeddable":true,"href":"https:\/\/miurltemporal.com/main/triatletasenred.sport.es\/wp-json\/wp\/v2\/media\/18638"}],"wp:attachment":[{"href":"https:\/\/miurltemporal.com/main/triatletasenred.sport.es\/wp-json\/wp\/v2\/media?parent=18830"}],"wp:term":[{"taxonomy":"category","embeddable":true,"href":"https:\/\/miurltemporal.com/main/triatletasenred.sport.es\/wp-json\/wp\/v2\/categories?post=18830"},{"taxonomy":"post_tag","embeddable":true,"href":"https:\/\/miurltemporal.com/main/triatletasenred.sport.es\/wp-json\/wp\/v2\/tags?post=18830"}],"curies":[{"name":"wp","href":"https:\/\/api.w.org\/{rel}","templated":true}]}}