{"id":18637,"date":"2013-11-22T21:38:12","date_gmt":"2013-11-22T21:38:12","guid":{"rendered":"http:\/\/triatletasenred.com\/?p=18637"},"modified":"2013-11-22T21:38:12","modified_gmt":"2013-11-22T21:38:12","slug":"manana-se-inaugura-el-monumento-en-memoria-de-los-ciclistas-fallecidos-en-accidentes-de-trafico","status":"publish","type":"post","link":"https:\/\/miurltemporal.com/main/triatletasenred.sport.es\/actualidad\/manana-se-inaugura-el-monumento-en-memoria-de-los-ciclistas-fallecidos-en-accidentes-de-trafico\/","title":{"rendered":"Ma\u00f1ana se inaugura el Monumento en Memoria de los Ciclistas Fallecidos en Accidentes de Tr\u00e1fico"},"content":{"rendered":"<h5 style=\"text-align: justify;\">Este domingo 24 de noviembre se celebrar\u00e1 la inauguraci\u00f3n oficial del Monumento en Memoria de los Ciclistas Fallecidos en Accidentes de Tr\u00e1fico en Santiponce (Sevilla), al que acudir\u00e1n numerosos clubes ciclistas y deportistas de Sevilla y la provincia, deportistas y Jos\u00e9 Carbonell, el alcalde de Santiponce.<\/h5>\n<p style=\"text-align: justify;\">A las 12h00, en el municipio sevillano de Santiponce, tiene lugar la inauguraci\u00f3n oficial del Monumento en Memoria de los Ciclistas Fallecidos en Accidentes de Tr\u00e1fico, en el punto kilom\u00e9trico 808 de la carretera N-630, uno de los puntos m\u00e1s transitados por ciclistas y conductores de la provincia. El Ayuntamiento de Santiponce, que recogi\u00f3 la propuesta de una comisi\u00f3n de clubes ciclistas (Caracol de Bormujos, Currito de Santiponce, Espartinas, Giralda de Sevilla, Pedal de Sevilla, Hispabikers, Los Guzmanes de La Algaba, Triatl\u00f3n Camale\u00f3n\u2026) ha sido el impulsor del proyecto junto a Acci\u00f3n y Eventos<b>.<\/b><\/p>\n<p style=\"text-align: justify;\">Adem\u00e1s de inaugurar el monumento, se pretende guardar un sincero homenaje a todos los ciclistas fallecidos en accidente de tr\u00e1fico e intentar concienciar a los conductores de la indefensi\u00f3n de estos deportistas en la carretera y la vital importancia que tiene respetar las distancias de seguridad con ellos.<\/p>\n<p style=\"text-align: justify;\">Como acto paralelo habr\u00e1 una concentraci\u00f3n ciclista en la puerta de It\u00e1lica en Santiponce, y acudir\u00e1n muchos ciclistas y triatletas andaluces.<\/p>\n<p style=\"text-align: justify;\">El acto estar\u00e1 presidido por Jos\u00e9 Carbonell Santar\u00e9n, excelent\u00edsimo alcalde del Ayuntamiento de Santiponce, con Gonzalo Valera, segundo teniente de alcalde, y Miguel \u00c1ngel Gil, delegado de Servicios Generales, Infraestructuras y Equipamiento Urbano, Medio Ambiente y Fiestas.<\/p>\n<p style=\"text-align: justify;\"><strong>M\u00e1s informaci\u00f3n sobre el acto y el origen del monumento:<\/strong><\/p>\n<p style=\"text-align: justify;\"><a href=\"http:\/\/www.curritodesantiponce.com\/index.php?option=com_content&amp;view=article&amp;layout=edit&amp;id=235\" target=\"_blank\" rel=\"nofollow noopener\">http:\/\/www.curritodesantiponce.com\/index.php?option=com_content&amp;view=article&amp;layout=edit&amp;id=235<\/a><b><\/b><\/p>\n<p style=\"text-align: center;\"><img fetchpriority=\"high\" decoding=\"async\" class=\"aligncenter\" alt=\"\" src=\"https:\/\/dl.dropboxusercontent.com\/u\/3879676\/triATLETAS\/imatges\/varies\/cartel_monumento_definitivo.jpg\" width=\"452\" height=\"640\" \/><\/p>\n","protected":false},"excerpt":{"rendered":"<p>Este domingo 24 de noviembre se celebrar\u00e1 la inauguraci\u00f3n oficial del Monumento en Memoria de los Ciclistas Fallecidos en Accidentes de Tr\u00e1fico en Santiponce (Sevilla), al que acudir\u00e1n numerosos clubes ciclistas y deportistas de Sevilla y la provincia, deportistas y Jos\u00e9 Carbonell, el alcalde de Santiponce. A las 12h00, en el municipio sevillano de Santiponce, [&hellip;]<\/p>\n","protected":false},"author":6,"featured_media":18638,"comment_status":"open","ping_status":"open","sticky":false,"template":"","format":"standard","meta":{"_acf_changed":false,"rank_math_lock_modified_date":false,"footnotes":""},"categories":[17],"tags":[455,111,1418],"class_list":{"0":"post-18637","1":"post","2":"type-post","3":"status-publish","4":"format-standard","5":"has-post-thumbnail","7":"category-actualidad","8":"tag-respetoalciclista","9":"tag-ciclismo","10":"tag-monumento-en-memoria-de-los-ciclistas-fallecidos"},"acf":[],"_links":{"self":[{"href":"https:\/\/miurltemporal.com/main/triatletasenred.sport.es\/wp-json\/wp\/v2\/posts\/18637"}],"collection":[{"href":"https:\/\/miurltemporal.com/main/triatletasenred.sport.es\/wp-json\/wp\/v2\/posts"}],"about":[{"href":"https:\/\/miurltemporal.com/main/triatletasenred.sport.es\/wp-json\/wp\/v2\/types\/post"}],"author":[{"embeddable":true,"href":"https:\/\/miurltemporal.com/main/triatletasenred.sport.es\/wp-json\/wp\/v2\/users\/6"}],"replies":[{"embeddable":true,"href":"https:\/\/miurltemporal.com/main/triatletasenred.sport.es\/wp-json\/wp\/v2\/comments?post=18637"}],"version-history":[{"count":0,"href":"https:\/\/miurltemporal.com/main/triatletasenred.sport.es\/wp-json\/wp\/v2\/posts\/18637\/revisions"}],"wp:featuredmedia":[{"embeddable":true,"href":"https:\/\/miurltemporal.com/main/triatletasenred.sport.es\/wp-json\/wp\/v2\/media\/18638"}],"wp:attachment":[{"href":"https:\/\/miurltemporal.com/main/triatletasenred.sport.es\/wp-json\/wp\/v2\/media?parent=18637"}],"wp:term":[{"taxonomy":"category","embeddable":true,"href":"https:\/\/miurltemporal.com/main/triatletasenred.sport.es\/wp-json\/wp\/v2\/categories?post=18637"},{"taxonomy":"post_tag","embeddable":true,"href":"https:\/\/miurltemporal.com/main/triatletasenred.sport.es\/wp-json\/wp\/v2\/tags?post=18637"}],"curies":[{"name":"wp","href":"https:\/\/api.w.org\/{rel}","templated":true}]}}