{"id":18454,"date":"2013-11-18T23:09:28","date_gmt":"2013-11-18T23:09:28","guid":{"rendered":"http:\/\/triatletasenred.com\/?p=18454"},"modified":"2013-11-28T06:32:25","modified_gmt":"2013-11-28T05:32:25","slug":"el-caso-clinico-de-jaume-leiva","status":"publish","type":"post","link":"https:\/\/miurltemporal.com/main/triatletasenred.sport.es\/actualidad\/el-caso-clinico-de-jaume-leiva\/","title":{"rendered":"El caso cl\u00ednico de Jaume Leiva"},"content":{"rendered":"<h5 style=\"text-align: justify;\">Carles Toboso &#8211;\u00a0El paciente Jaume Leiva acude a la consulta de Podobio refiriendo un dolor en zona inguinal\u00a0derecha correspondiente a una ruptura del labrum femoro acetabular diagnosticado por RMN.<\/h5>\n<h6 style=\"text-align: justify;\">Durante la exploraci\u00f3n presenta:<\/h6>\n<ul style=\"text-align: justify;\">\n<li>Disimetr\u00eda de EEII siendo la pierna derecha corta y la diferencia entre ambas de 11mm diagnosticados mediante telemetr\u00eda.<\/li>\n<li>Il\u00edaco derecho anteriorizado, intento de acercar la pierna al suelo.<\/li>\n<li>Rotaci\u00f3n interna coxofemoral limitada, favoreciendo la marcha en ABD.<\/li>\n<li>Genu varo bilateral, varismo tibial derecho m\u00e1s marcado que comporta un alargamiento de la fase de varo.<\/li>\n<li>Varismo de retropi\u00e9, ASA con tendencia a la inversi\u00f3n en PRCA.<\/li>\n<li><img fetchpriority=\"high\" decoding=\"async\" class=\"alignright\" alt=\"\" src=\"https:\/\/dl.dropboxusercontent.com\/u\/3879676\/triATLETAS\/imatges\/varies\/leiva3.jpg\" width=\"306\" height=\"407\" \/>Insuficiencia de primer radio, hallux l\u00edmitus funcional, d\u00e9ficit de la FD en la articulaci\u00f3n metatarso fal\u00e1ngica.<\/li>\n<li>Mejora de la movilidad p\u00e9lvica i congruencia articular de las articulaciones sacro-il\u00edacas al colocar 5mm de alza en pi\u00e9 derecho.<\/li>\n<\/ul>\n<h6 style=\"text-align: justify;\">Din\u00e1mica:<\/h6>\n<p style=\"text-align: justify;\">Durante la carrera se observa un aumento del \u00e1ngulo de fick, un impacto de tal\u00f3n excesivamente supinado de predomino derecho, se produce una hiperpronaci\u00f3n durante el apoyo total del pi\u00e9 y fase propulsiva sobresolicitando el primer radio.<\/p>\n<h6 style=\"text-align: justify;\">Tratamiento:<\/h6>\n<p style=\"text-align: justify;\">Se han confeccionado soportes plantares para estabilizar la pelvis y disminuir la disimetr\u00eda existente mediante un alza para reducir los impactos sufridos en la zona femoro acetabular durante cada zancada.<\/p>\n<p style=\"text-align: justify;\">Se han reforzado los arcos mediales con contenciones para frenar la pronaci\u00f3n.<\/p>\n<p style=\"text-align: justify;\">Se recomienda la posibilidad de incorporar calzado con control de pronaci\u00f3n en combinaci\u00f3n con los soportes plantares.<\/p>\n<p style=\"text-align: justify;\"><em>Jaume Leiva\u00a0&#8220;No hay mal que por bien no venga. Debido a unas molestias en la regi\u00f3n inguinal me puse en contacto con Podobio y desde el primer d\u00eda han tenido un trato excepcional y muy profesional conmigo para recuperarme de la lesi\u00f3n. Tanto Carlos con las plantillas nuevas como Francisco con el estudio biomec\u00e1nico han acertado de lleno para mejorar mi rendimiento y notar unas sensaciones muy buenas a la hora de correr e ir con bicicleta.&#8221;<\/em><\/p>\n<p style=\"text-align: justify;\"><strong><em>Carles Toboso<\/em><\/strong><\/p>\n<p style=\"text-align: justify;\"><strong><em>Pod\u00f3logo de Podobio<\/em><\/strong><\/p>\n<p style=\"text-align: justify;\"><strong><em>N\u00ba col.: 1450<\/em><\/strong><\/p>\n<p style=\"text-align: justify;\">Podobio ofrece un 20% de descuento en todos los servicios de Podolog\u00eda i Biomec\u00e1nica, a todos los lectores de triATLETAS en RED (Promoci\u00f3n no acumulable a otras ofertas)<\/p>\n<p style=\"text-align: justify;\"><a class=\"vc_btn vc_btn-green vc_btn-sm vc_btn_square \" href=\"https:\/\/twitter.com\/Podobio\" rel=\"nofollow noopener\" target=\"_blank\">@Podobio<\/a><br \/>\n<a class=\"vc_btn vc_btn-green vc_btn-sm vc_btn_square \" href=\"https:\/\/www.facebook.com\/clinicapodobiosportsolutions\" rel=\"nofollow noopener\" target=\"_blank\">en facebook<\/a><br \/>\n<a class=\"vc_btn vc_btn-green vc_btn-sm vc_btn_square \" href=\"http:\/\/www.podobio.com\/\" rel=\"nofollow noopener\" target=\"_blank\">web podobio<\/a><\/p>\n<p style=\"text-align: justify;\"><a class=\"vc_btn vc_btn-red vc_btn-sm vc_btn_square \" href=\"https:\/\/twitter.com\/jaumeleiva\" rel=\"nofollow noopener\" target=\"_blank\">@jaumeleiva<\/a><\/p>\n","protected":false},"excerpt":{"rendered":"<p>Carles Toboso &#8211;\u00a0El paciente Jaume Leiva acude a la consulta de Podobio refiriendo un dolor en zona inguinal\u00a0derecha correspondiente a una ruptura del labrum femoro acetabular diagnosticado por RMN. Durante la exploraci\u00f3n presenta: Disimetr\u00eda de EEII siendo la pierna derecha corta y la diferencia entre ambas de 11mm diagnosticados mediante telemetr\u00eda. Il\u00edaco derecho anteriorizado, intento [&hellip;]<\/p>\n","protected":false},"author":6,"featured_media":6839,"comment_status":"open","ping_status":"open","sticky":false,"template":"","format":"standard","meta":{"_acf_changed":false,"rank_math_lock_modified_date":false,"footnotes":""},"categories":[17,1196],"tags":[1405,424,886,331,1406,284,1058,521,631,138],"class_list":{"0":"post-18454","1":"post","2":"type-post","3":"status-publish","4":"format-standard","5":"has-post-thumbnail","7":"category-actualidad","8":"category-lesiones-deportivas","9":"tag-10k","10":"tag-clinica-podobio","11":"tag-correr","12":"tag-jaume-leiva","13":"tag-leiva","14":"tag-maraton","15":"tag-media-maraton","16":"tag-podobio","17":"tag-run","18":"tag-running"},"acf":[],"_links":{"self":[{"href":"https:\/\/miurltemporal.com/main/triatletasenred.sport.es\/wp-json\/wp\/v2\/posts\/18454"}],"collection":[{"href":"https:\/\/miurltemporal.com/main/triatletasenred.sport.es\/wp-json\/wp\/v2\/posts"}],"about":[{"href":"https:\/\/miurltemporal.com/main/triatletasenred.sport.es\/wp-json\/wp\/v2\/types\/post"}],"author":[{"embeddable":true,"href":"https:\/\/miurltemporal.com/main/triatletasenred.sport.es\/wp-json\/wp\/v2\/users\/6"}],"replies":[{"embeddable":true,"href":"https:\/\/miurltemporal.com/main/triatletasenred.sport.es\/wp-json\/wp\/v2\/comments?post=18454"}],"version-history":[{"count":0,"href":"https:\/\/miurltemporal.com/main/triatletasenred.sport.es\/wp-json\/wp\/v2\/posts\/18454\/revisions"}],"wp:featuredmedia":[{"embeddable":true,"href":"https:\/\/miurltemporal.com/main/triatletasenred.sport.es\/wp-json\/wp\/v2\/media\/6839"}],"wp:attachment":[{"href":"https:\/\/miurltemporal.com/main/triatletasenred.sport.es\/wp-json\/wp\/v2\/media?parent=18454"}],"wp:term":[{"taxonomy":"category","embeddable":true,"href":"https:\/\/miurltemporal.com/main/triatletasenred.sport.es\/wp-json\/wp\/v2\/categories?post=18454"},{"taxonomy":"post_tag","embeddable":true,"href":"https:\/\/miurltemporal.com/main/triatletasenred.sport.es\/wp-json\/wp\/v2\/tags?post=18454"}],"curies":[{"name":"wp","href":"https:\/\/api.w.org\/{rel}","templated":true}]}}