{"id":18344,"date":"2013-11-13T03:55:06","date_gmt":"2013-11-13T03:55:06","guid":{"rendered":"http:\/\/triatletasenred.com\/?p=18344"},"modified":"2013-11-13T05:29:16","modified_gmt":"2013-11-13T05:29:16","slug":"presentacion-de-la-segunda-temporada-del-club-tridir-en-barcelona","status":"publish","type":"post","link":"https:\/\/miurltemporal.com/main/triatletasenred.sport.es\/uncategorized\/presentacion-de-la-segunda-temporada-del-club-tridir-en-barcelona\/","title":{"rendered":"Presentaci\u00f3n de la segunda temporada del club triDiR en Barcelona"},"content":{"rendered":"<h4 style=\"text-align: justify;\">El club barcelon\u00e9s presenta su propuesta para la pr\u00f3xima campa\u00f1a con una intenci\u00f3n clara de seguir creciendo como club y mejorar la atenci\u00f3n y prestaciones a sus socios.<\/h4>\n<p style=\"text-align: justify;\">A la ceremonia, convocada para este hoy mi\u00e9rcoles d\u00eda 13 a las 19h, asistir\u00e1n los triatletas Cesc Godoy y Jordi Matos, ambos muy vinculados a triDiR.<\/p>\n<p style=\"text-align: justify;\">Se compartir\u00e1n durante la sesi\u00f3n los\u00a0<em>objetivos y planificaci\u00f3n<\/em>\u00a0de la temporada as\u00ed como la presentaci\u00f3n de los\u00a0<em>t\u00e9cnicos<\/em>\u00a0del <strong>Club TriDiR<\/strong>, del\u00a0<em>calendario de entrenos<\/em>\u00a0y\u00a0<em>retos<\/em>\u00a02013-2014.<\/p>\n<p style=\"text-align: justify;\">Tras la presentaci\u00f3n est\u00e1 prevista una salida de running con los t\u00e9cnicos del club y Jordi Matos, tercer espa\u00f1ol clasificado en el pretigioso IMKONA<\/p>\n<p style=\"text-align: justify;\">Para m\u00e1s informaci\u00f3n e inscripciones<\/p>\n<p style=\"text-align: justify;\"><a class=\"vc_btn vc_btn-red vc_btn-sm vc_btn_square \" href=\"http:\/\/www.entrenar-triatlon.com\/presentacion-2a-temporada-club-tridir-el-13112013\/\" rel=\"nofollow noopener\" target=\"_blank\"> blog oficial<\/a><\/p>\n<p>https:\/\/www.facebook.com\/ClubTriDiR<\/p>\n","protected":false},"excerpt":{"rendered":"<p>El club barcelon\u00e9s presenta su propuesta para la pr\u00f3xima campa\u00f1a con una intenci\u00f3n clara de seguir creciendo como club y mejorar la atenci\u00f3n y prestaciones a sus socios. A la ceremonia, convocada para este hoy mi\u00e9rcoles d\u00eda 13 a las 19h, asistir\u00e1n los triatletas Cesc Godoy y Jordi Matos, ambos muy vinculados a triDiR. Se [&hellip;]<\/p>\n","protected":false},"author":2,"featured_media":18345,"comment_status":"open","ping_status":"open","sticky":false,"template":"","format":"standard","meta":{"_acf_changed":false,"rank_math_lock_modified_date":false,"footnotes":""},"categories":[16,1],"tags":[437,1395,24,1392],"class_list":{"0":"post-18344","1":"post","2":"type-post","3":"status-publish","4":"format-standard","5":"has-post-thumbnail","7":"category-en-red","8":"category-uncategorized","9":"tag-cesc-godoy","10":"tag-jordi-matos","11":"tag-triatlon","12":"tag-tridir"},"acf":[],"_links":{"self":[{"href":"https:\/\/miurltemporal.com/main/triatletasenred.sport.es\/wp-json\/wp\/v2\/posts\/18344"}],"collection":[{"href":"https:\/\/miurltemporal.com/main/triatletasenred.sport.es\/wp-json\/wp\/v2\/posts"}],"about":[{"href":"https:\/\/miurltemporal.com/main/triatletasenred.sport.es\/wp-json\/wp\/v2\/types\/post"}],"author":[{"embeddable":true,"href":"https:\/\/miurltemporal.com/main/triatletasenred.sport.es\/wp-json\/wp\/v2\/users\/2"}],"replies":[{"embeddable":true,"href":"https:\/\/miurltemporal.com/main/triatletasenred.sport.es\/wp-json\/wp\/v2\/comments?post=18344"}],"version-history":[{"count":0,"href":"https:\/\/miurltemporal.com/main/triatletasenred.sport.es\/wp-json\/wp\/v2\/posts\/18344\/revisions"}],"wp:featuredmedia":[{"embeddable":true,"href":"https:\/\/miurltemporal.com/main/triatletasenred.sport.es\/wp-json\/wp\/v2\/media\/18345"}],"wp:attachment":[{"href":"https:\/\/miurltemporal.com/main/triatletasenred.sport.es\/wp-json\/wp\/v2\/media?parent=18344"}],"wp:term":[{"taxonomy":"category","embeddable":true,"href":"https:\/\/miurltemporal.com/main/triatletasenred.sport.es\/wp-json\/wp\/v2\/categories?post=18344"},{"taxonomy":"post_tag","embeddable":true,"href":"https:\/\/miurltemporal.com/main/triatletasenred.sport.es\/wp-json\/wp\/v2\/tags?post=18344"}],"curies":[{"name":"wp","href":"https:\/\/api.w.org\/{rel}","templated":true}]}}